{"id":7753,"date":"2020-02-18T21:16:28","date_gmt":"2020-02-18T20:16:28","guid":{"rendered":"http:\/\/www.lesmonts.ch\/wp_fr\/?p=7753"},"modified":"2020-02-18T21:16:28","modified_gmt":"2020-02-18T20:16:28","slug":"record","status":"publish","type":"post","link":"https:\/\/www.lesmonts.ch\/wp_fr\/record\/","title":{"rendered":"Record !"},"content":{"rendered":"\n<p class=\"wp-block-paragraph\"><a rel=\"noreferrer noopener\" aria-label=\"Rafael Nadal (ouverture dans un nouvel onglet)\" href=\"https:\/\/fr.wikipedia.org\/wiki\/Rafael_Nadal\" target=\"_blank\">Rafael Nadal<\/a> est sur le point d&rsquo;\u00e9galer, puis de d\u00e9passer les vingt victoires en <a rel=\"noreferrer noopener\" aria-label=\"Grand Chelem (ouverture dans un nouvel onglet)\" href=\"https:\/\/fr.wikipedia.org\/wiki\/Grand_Chelem_(tennis)\" target=\"_blank\">Grand Chelem<\/a> de <a rel=\"noreferrer noopener\" aria-label=\"Roger Federer (ouverture dans un nouvel onglet)\" href=\"https:\/\/fr.wikipedia.org\/wiki\/Roger_Federer\" target=\"_blank\">Roger Federer<\/a> ! Mais <a rel=\"noreferrer noopener\" aria-label=\"Novak Djokovic (ouverture dans un nouvel onglet)\" href=\"https:\/\/fr.wikipedia.org\/wiki\/Novak_Djokovic\" target=\"_blank\">Novak Djokovic<\/a> va probablement les devancer tous les deux dans les 2 ou 3 ann\u00e9es \u00e0 venir. <a rel=\"noreferrer noopener\" aria-label=\"Serena Williams (ouverture dans un nouvel onglet)\" href=\"https:\/\/fr.wikipedia.org\/wiki\/Serena_Williams\" target=\"_blank\">Serena Williams<\/a> parviendra-t-elle \u00e0 gagner son vingt-quatri\u00e8me titre de Grand Chelem en simple, afin d&rsquo;\u00e9galer <a href=\"https:\/\/fr.wikipedia.org\/wiki\/Margaret_Smith_Court\" target=\"_blank\" rel=\"noreferrer noopener\" aria-label=\"Margaret Court (ouverture dans un nouvel onglet)\">Margaret Court<\/a> ? Et <a rel=\"noreferrer noopener\" aria-label=\"Mikaela Shiffrin (ouverture dans un nouvel onglet)\" href=\"https:\/\/fr.wikipedia.org\/wiki\/Mikaela_Shiffrin\" target=\"_blank\">Mikaela Shiffrin<\/a> est en passe de menacer l&rsquo;incroyable record de 86 victoires <a rel=\"noreferrer noopener\" aria-label=\"Coupe du Monde (ouverture dans un nouvel onglet)\" href=\"https:\/\/fr.wikipedia.org\/wiki\/Coupe_du_monde_de_ski_alpin\" target=\"_blank\">Coupe du Monde<\/a> de <a rel=\"noreferrer noopener\" aria-label=\"Ingemar Stenmark (ouverture dans un nouvel onglet)\" href=\"https:\/\/fr.wikipedia.org\/wiki\/Ingemar_Stenmark\" target=\"_blank\">Ingemar Stenmark<\/a>. <a rel=\"noreferrer noopener\" aria-label=\"Lewis Hamilton (ouverture dans un nouvel onglet)\" href=\"https:\/\/fr.wikipedia.org\/wiki\/Lewis_Hamilton\" target=\"_blank\">Lewis Hamilton<\/a> va-t-il effacer des statistiques <a rel=\"noreferrer noopener\" aria-label=\"Michael Schumacher (ouverture dans un nouvel onglet)\" href=\"https:\/\/fr.wikipedia.org\/wiki\/Michael_Schumacher\" target=\"_blank\">Michael Schumacher<\/a> ? Quand <a rel=\"noreferrer noopener\" aria-label=\"Armand Duplantis (ouverture dans un nouvel onglet)\" href=\"https:\/\/fr.wikipedia.org\/wiki\/Armand_Duplantis\" target=\"_blank\">Armand Duplantis<\/a> va-t-il passer 6 m\u00e8tres 20 \u00e0 la perche ?<\/p>\n\n\n\n<p class=\"wp-block-paragraph\">Le sport et les records \u00e0 battre vont de pair; d\u00e9sol\u00e9, M. le Baron Pierre de Coubertin, l&rsquo;essentiel n&rsquo;est pas de participer, mais de gagner. Et de gagner \u00ab\u00a0mieux\u00a0\u00bb que tous les pr\u00e9c\u00e9dents, quitte \u00e0 se faire \u00e0 son tour \u00ab\u00a0ringardiser\u00a0\u00bb par son successeur peu de temps apr\u00e8s.<\/p>\n\n\n\n<p class=\"wp-block-paragraph\">Tout \u00e0 fait vulgairement, je dois avouer que je me fous compl\u00e8tement que Federer d\u00e9tienne ou non le record du nombre de victoires en Grand Chelem. D&rsquo;ailleurs, \u00e0 vrai dire, tout le monde s&rsquo;en balance, car m\u00eame si Djokovic parvient \u00e0 gagner vingt-cinq tournois, il y a fort \u00e0 parier qu&rsquo;il n&rsquo;aura jamais l&rsquo;aura de <em><strong>Rodger<\/strong><\/em>, ce \u00ab\u00a0quelque chose\u00a0\u00bb qui lui permet de remplir des stades avec plus de cinquante mille personnes simplement pour un match sans enjeu particulier en Afrique du Sud ou en Am\u00e9rique australe. Les records sont faits pour \u00eatre battus, les d\u00e9tenteurs de record sont faits pour \u00eatre oubli\u00e9s; seules les personnes (ou les personnalit\u00e9s ?) pr\u00e9sentent un int\u00e9r\u00eat susceptible de transcender l\u2019\u00e9v\u00e9nement. <\/p>\n\n\n\n<p class=\"wp-block-paragraph\">J&rsquo;ai longtemps cru que certaines activit\u00e9s de plein air ne deviendraient jamais r\u00e9ellement un sport, ou \u00e0 tout le moins, \u00e9chapperaient \u00e0 la comptabilit\u00e9 des records. Le ski-alpinisme et l&rsquo;alpinisme, par exemple; j&rsquo;aurais d\u00fb me souvenir que l&rsquo;alpinisme avait \u00e9t\u00e9 sport olympique en son temps. Plusieurs premi\u00e8res et aussi quelques drames de la haute montagne sont \u00e0 imputer \u00e0 la comp\u00e9tition que livraient les <a rel=\"noreferrer noopener\" aria-label=\"alpinistes allemands et autrichiens (ouverture dans un nouvel onglet)\" href=\"https:\/\/www.tdg.ch\/suisse\/80-ans-face-nord-eiger-vaincue\/story\/31767514\" target=\"_blank\">alpinistes allemands et autrichiens<\/a> aux autres \u00e0 l&rsquo;\u00e9poque du troisi\u00e8me Reich, avec en perspective une \u00e9ventuelle distinction (par le <em>Bundeskanzler <\/em>Hitler en personne !) aux Jeux Olympiques de Berlin&#8230; Quant aux records, il suffit de songer \u00e0 quelques comp\u00e9titions classiques comme la <a rel=\"noreferrer noopener\" aria-label=\"Patrouille des Glaciers (ouverture dans un nouvel onglet)\" href=\"https:\/\/www.pdg.ch\/bienvenue\/?no_cache=1\" target=\"_blank\">Patrouille des Glaciers<\/a> pour constater que la soif des records est ici aussi pr\u00e9sente: moins de 6 heures pour un trajet qu&rsquo;\u00e0 une \u00e9poque il est vrai recul\u00e9e, j&rsquo;avais eu le privil\u00e8ge de parcourir en une longue et merveilleuse semaine \u00e9maill\u00e9e d&rsquo;instants magiques faits de contemplations, d&rsquo;\u00e9motions et de rencontres aussi enrichissantes qu&rsquo;improbables&#8230;  La performance tue l&rsquo;aventure.<\/p>\n\n\n\n<p class=\"wp-block-paragraph\"><a rel=\"noreferrer noopener\" aria-label=\"Nirmal Purja (ouverture dans un nouvel onglet)\" href=\"https:\/\/fr.wikipedia.org\/wiki\/Nirmal_Purja\" target=\"_blank\">Nirmal Purja<\/a> dit \u00ab\u00a0Nims\u00a0\u00bb gravit  en 2019 les <a rel=\"noreferrer noopener\" aria-label=\"14 sommets de plus de 8000 m\u00e8tres (ouverture dans un nouvel onglet)\" href=\"https:\/\/fr.wikipedia.org\/wiki\/Sommets_de_plus_de_huit_mille_m%C3%A8tres\" target=\"_blank\">14 sommets de plus de 8000 m\u00e8tres<\/a> de la plan\u00e8te <a rel=\"noreferrer noopener\" aria-label=\"en une saison (ouverture dans un nouvel onglet)\" href=\"https:\/\/www.24heures.ch\/monde\/revendique-quatorze-8000-sept-mois\/story\/27814608\" target=\"_blank\">en une saison<\/a>.  Longtemps, l&rsquo;ascension des 14 sommets \u00e0 plus de 8000 m\u00e8tres de la plan\u00e8te Terre a \u00e9t\u00e9 l&rsquo;oeuvre d&rsquo;une vie, ou de plusieurs ann\u00e9es. Gr\u00e2ce \u00e0 l&rsquo;h\u00e9licopt\u00e8re, l&rsquo;apport d&rsquo;oxyg\u00e8ne, de la pharmacop\u00e9e moderne et une \u00e9quipe de traceurs, cette entreprise se voit  r\u00e9duite en une entreprise saisonni\u00e8re. N\u00e9cessit\u00e9 de record oblige ! Quel sera le prochain record ? Cinq mois au lieu de sept ? Sans oxyg\u00e8ne ? Mais apr\u00e8s tout, qui s&rsquo;en soucie ?<\/p>\n\n\n\n<p class=\"wp-block-paragraph\">En f\u00e9vrier 2020, le continent Antarctique a v\u00e9cu pour la premi\u00e8re fois (depuis que l&rsquo;on tient \u00e0 jour des statistiques) une <a rel=\"noreferrer noopener\" aria-label=\"temp\u00e9rature sup\u00e9rieure \u00e0 20  degr\u00e9s (ouverture dans un nouvel onglet)\" href=\"https:\/\/www.nouvelobs.com\/planete\/20200214.OBS24855\/la-temperature-en-antarctique-franchit-la-barre-des-20-c-pour-la-premiere-fois.html\" target=\"_blank\">temp\u00e9rature sup\u00e9rieure \u00e0 20  degr\u00e9s<\/a>. En \u00e9t\u00e9 2019, l&rsquo;Arctique avait \u00e9galement constat\u00e9 une <a rel=\"noreferrer noopener\" aria-label=\"fonte de la banquise (ouverture dans un nouvel onglet)\" href=\"http:\/\/www.meteofrance.fr\/actualites\/74216842-arctique-fonte-record-de-la-banquise-en-juillet\" target=\"_blank\">fonte de la banquise<\/a> exceptionnelle. Des <a rel=\"noreferrer noopener\" aria-label=\"\u00e9v\u00e9nements similaires (ouverture dans un nouvel onglet)\" href=\"https:\/\/www.rts.ch\/info\/suisse\/11097059-avec-21-2-degres-delemont-a-battu-son-record-de-chaleur-en-fevrier.html\" target=\"_blank\">\u00e9v\u00e9nements similaires<\/a> sont constat\u00e9s dans nos r\u00e9gions. Ces records-l\u00e0 sont appel\u00e9s \u00e0 \u00eatre battus. Assez rapidement, probablement&#8230; Et l\u00e0, il va falloir qu&rsquo;on s&rsquo;en soucie.<\/p>\n","protected":false},"excerpt":{"rendered":"<p>Rafael Nadal est sur le point d&rsquo;\u00e9galer, puis de d\u00e9passer les vingt victoires en Grand Chelem de Roger Federer ! Mais Novak Djokovic va probablement les devancer tous les deux dans les 2 ou 3 ann\u00e9es \u00e0 venir. Serena Williams parviendra-t-elle \u00e0 gagner son vingt-quatri\u00e8me titre de Grand Chelem en simple, afin d&rsquo;\u00e9galer Margaret Court &hellip; <a href=\"https:\/\/www.lesmonts.ch\/wp_fr\/record\/\" class=\"more-link\">Continuer la lecture de <span class=\"screen-reader-text\">Record !<\/span>  <span class=\"meta-nav\">&rarr;<\/span><\/a><\/p>\n","protected":false},"author":1,"featured_media":0,"comment_status":"open","ping_status":"open","sticky":false,"template":"","format":"standard","meta":{"_crdt_document":"","ngg_post_thumbnail":0,"footnotes":""},"categories":[1],"tags":[28,27],"class_list":["post-7753","post","type-post","status-publish","format-standard","hentry","category-non-classe","tag-record","tag-sport"],"_links":{"self":[{"href":"https:\/\/www.lesmonts.ch\/wp_fr\/wp-json\/wp\/v2\/posts\/7753","targetHints":{"allow":["GET"]}}],"collection":[{"href":"https:\/\/www.lesmonts.ch\/wp_fr\/wp-json\/wp\/v2\/posts"}],"about":[{"href":"https:\/\/www.lesmonts.ch\/wp_fr\/wp-json\/wp\/v2\/types\/post"}],"author":[{"embeddable":true,"href":"https:\/\/www.lesmonts.ch\/wp_fr\/wp-json\/wp\/v2\/users\/1"}],"replies":[{"embeddable":true,"href":"https:\/\/www.lesmonts.ch\/wp_fr\/wp-json\/wp\/v2\/comments?post=7753"}],"version-history":[{"count":9,"href":"https:\/\/www.lesmonts.ch\/wp_fr\/wp-json\/wp\/v2\/posts\/7753\/revisions"}],"predecessor-version":[{"id":7762,"href":"https:\/\/www.lesmonts.ch\/wp_fr\/wp-json\/wp\/v2\/posts\/7753\/revisions\/7762"}],"wp:attachment":[{"href":"https:\/\/www.lesmonts.ch\/wp_fr\/wp-json\/wp\/v2\/media?parent=7753"}],"wp:term":[{"taxonomy":"category","embeddable":true,"href":"https:\/\/www.lesmonts.ch\/wp_fr\/wp-json\/wp\/v2\/categories?post=7753"},{"taxonomy":"post_tag","embeddable":true,"href":"https:\/\/www.lesmonts.ch\/wp_fr\/wp-json\/wp\/v2\/tags?post=7753"}],"curies":[{"name":"wp","href":"https:\/\/api.w.org\/{rel}","templated":true}]}}