{"id":4940,"date":"2016-04-14T20:30:06","date_gmt":"2016-04-14T18:30:06","guid":{"rendered":"http:\/\/www.lesmonts.ch\/wp_fr\/?p=4940"},"modified":"2016-04-14T20:30:06","modified_gmt":"2016-04-14T18:30:06","slug":"le-respect-des-autres","status":"publish","type":"post","link":"https:\/\/www.lesmonts.ch\/wp_fr\/le-respect-des-autres\/","title":{"rendered":"Le respect des autres&#8230;"},"content":{"rendered":"<p>La notion du respect des autres varie \u00e9norm\u00e9ment en fonction de la personne qui l&rsquo;exerce. Ainsi, en ce qui me concerne, saluer une personne en lui serrant la main fait partie de ma notion du respect de l&rsquo;interlocuteur; c&rsquo;est d&rsquo;ailleurs une attitude commune \u00e0 notre environnement culturel. R\u00e9cemment, deux adolescents ont refus\u00e9 de serrer la main d&rsquo;une personne sous pr\u00e9texte qu&rsquo;il s&rsquo;agissait d&rsquo;une femme. Questionn\u00e9s \u00e0 ce sujet, ils se sont ing\u00e9ni\u00e9 \u00e0 d\u00e9montrer que leur notion de respect \u00e9tait bien sup\u00e9rieure \u00e0 celle pr\u00f4n\u00e9e par la soci\u00e9t\u00e9 dans laquelle ils avaient \u00e9t\u00e9 accueillis, puisque leur respect de la femme allait jusqu&rsquo;\u00e0 ne pas toucher une femme hormis la sienne. N\u00e9gligeons (de toutes fa\u00e7ons, il n&rsquo;est gu\u00e8re possible d&rsquo;entamer un \u00e9change rationnel sur ce th\u00e8me) le fait que leur p\u00e8re (pr\u00e9sent lors de la question) est un imam bien connu pour ses positions radicales, et que ce petit monde \u00ab\u00a0officie\u00a0\u00bb dans une mosqu\u00e9e (?) \u00e9galement sous le collimateur des autorit\u00e9s en place en raison des soup\u00e7ons de radicalisme entretenus de longue date.<\/p>\n<p>L&rsquo;attitude des deux petits jeunets (attitude dont ils ne sont pas responsables, probablement, endoctrin\u00e9s qu&rsquo;ils sont par une dialectique de premier ordre d\u00e9velopp\u00e9e par un hurluberlu qui a de surcro\u00eet force parentale) n&rsquo;est pas d\u00e9fendable, bien \u00e9videmment. Ils consid\u00e8rent qu&rsquo;il ne faut pas toucher une femme parce qu&rsquo;elle ne leur appartient pas (il n&rsquo;y a que la \u00ab\u00a0leur\u00a0\u00bb qu&rsquo;ils peuvent toucher, ils l&rsquo;ont dit et redit, donc une femme \u00ab\u00a0appartient\u00a0\u00bb \u00e0 un homme\u00a0; par corollaire, elle n&rsquo;a d&rsquo;existence que par le biais de cet homme, qui de son c\u00f4t\u00e9 peut en poss\u00e9der plusieurs). Le fait qu&rsquo;une femme soit un \u00eatre humain autonome et qui a le droit d&rsquo;avoir sa propre notion du respect est totalement absent de leur entendement (d&rsquo;o\u00f9 la notion de harem), pour ne rien dire du fait que ces deux petits font passer leur propre notion de culture avant la culture de la soci\u00e9t\u00e9 qui les a accueillis. Tu penses bien que si je vais dans une mosqu\u00e9e chez eux et que je garde mes godasses, je vais me faire rabrouer\u00a0; pourtant, dans ma culture, il est n&rsquo;est pas tr\u00e8s convenable de se promener nu-pieds dans un lieu de culte&#8230;<\/p>\n<p>Malheureusement, des comportements aussi m\u00e9prisants \u00e0 l&rsquo;\u00e9gard de la culture de la soci\u00e9t\u00e9 qui a accueilli ces hurluberlus font d\u00e9bat, au lieu d&rsquo;\u00eatre remis \u00e0 la place qu&rsquo;ils m\u00e9ritent\u00a0: un avertissement, puis renvoi de l&rsquo;\u00e9cole en cas de r\u00e9cidive. C&rsquo;est tout \u00e0 l&rsquo;honneur des provocateurs qui sont derri\u00e8re ces comportements, et qui se mettent rarement en avant lors de ces \u00ab\u00a0d\u00e9bats\u00a0\u00bb (le terme d\u00e9bat est inappropri\u00e9, car il n&rsquo;y a g\u00e9n\u00e9ralement aucun d\u00e9bat possible, chacun restant sur sa position au m\u00e9pris total des interlocuteurs)\u00a0: ils parviennent \u00e0 monter en \u00e9pingle des faits divers qu&rsquo;ils vont mettre en exergue lors de leur prochaine intervention dans la mosqu\u00e9e dont ils sont les imams pour bien montrer \u00e0 quel point les Occidentaux d\u00e9nigrent leurs cultures, et sous-entendre par ce fait m\u00eame que le djihad est la seule issue. A force de r\u00e9p\u00e9titions, et avec l&rsquo;appui d&rsquo;une rh\u00e9torique bien huil\u00e9e, cela permet de faire des \u00e9mules dans une population souvent d\u00e9stabilis\u00e9e par des probl\u00e8mes mat\u00e9riels et existentiels.<\/p>\n<p>Malheureusement, la religion est bas\u00e9e sur le fait que \u00ab\u00a0j&rsquo;ai raison, et tous les autres ont tort, et ma croyance est immuable\u00a0\u00bb\u00a0; ceci rend tout \u00e9change difficile voire impossible. Qu&rsquo;un bouquin datant de plusieurs si\u00e8cles, maintes fois traduit et recompil\u00e9, jamais remis en cause puisse faire autorit\u00e9 sur ce genre de comportement \u00e0 l&rsquo;heure actuelle est fascinant d&rsquo;absurdit\u00e9. Cela donne effectivement des th\u00e8ses aussi loufoques que celles des cr\u00e9ationnistes, ou des comportements \u00e0 tendance radicale d\u00e9l\u00e9t\u00e8res comme ceux pr\u00f4n\u00e9s par les extr\u00e9mistes de l&rsquo;islam. Les religions (en tous cas le plus grand nombre d&rsquo;entre elles) n&rsquo;ont pas encore appris le respect\u00a0; peut-\u00eatre est-ce une notion antinomique de l&rsquo;id\u00e9e m\u00eame de croyance religieuse\u00a0? Car la notion de respect inclut aussi tous les adeptes d&rsquo;une croyance ou d&rsquo;une opinion pouvant \u00eatre diff\u00e9rente de la n\u00f4tre. Que ferait la religion (n&rsquo;importe laquelle) en pr\u00e9sence d&rsquo;extraterrestres\u00a0? \u00c9ventuellement dot\u00e9s de paradigmes fondamentalement diff\u00e9rents des n\u00f4tres\u00a0? Plusieurs auteurs de science-fiction se sont essay\u00e9s \u00e0 cet exercice, mais je ne suis pas s\u00fbr que l&rsquo;imagination suffise \u00e0 anticiper le r\u00e9sultat&#8230;<\/p>\n<p>Je pense sinc\u00e8rement qu&rsquo;il faut continuer \u00e0 accueillir les r\u00e9fugi\u00e9s en provenance des mondes en guerre\u00a0; mais il est \u00e9galement indispensable de parvenir \u00e0 vivre en bonne harmonie, et des gens comme ces deux fauteurs de trouble ne cadrent pas dans ce contexte\u00a0: ils font beaucoup de mal \u00e0 leurs coreligionnaires en polarisant leur attitude conflictuelle sur leur religion, ce qui pousse tout un chacun \u00e0 faire l&rsquo;amalgame, et donc de stigmatiser les musulmans qui pour la plupart n&rsquo;ont rien \u00e0 voir avec ces stupidit\u00e9s initi\u00e9es par des fauteurs de troubles lobotomis\u00e9s.<\/p>\n","protected":false},"excerpt":{"rendered":"<p>La notion du respect des autres varie \u00e9norm\u00e9ment en fonction de la personne qui l&rsquo;exerce. Ainsi, en ce qui me concerne, saluer une personne en lui serrant la main fait partie de ma notion du respect de l&rsquo;interlocuteur; c&rsquo;est d&rsquo;ailleurs une attitude commune \u00e0 notre environnement culturel. R\u00e9cemment, deux adolescents ont refus\u00e9 de serrer la &hellip; <a href=\"https:\/\/www.lesmonts.ch\/wp_fr\/le-respect-des-autres\/\" class=\"more-link\">Continuer la lecture de <span class=\"screen-reader-text\">Le respect des autres&#8230;<\/span>  <span class=\"meta-nav\">&rarr;<\/span><\/a><\/p>\n","protected":false},"author":1,"featured_media":0,"comment_status":"open","ping_status":"open","sticky":false,"template":"","format":"standard","meta":{"_crdt_document":"","ngg_post_thumbnail":0,"footnotes":""},"categories":[1],"tags":[],"class_list":["post-4940","post","type-post","status-publish","format-standard","hentry","category-non-classe"],"_links":{"self":[{"href":"https:\/\/www.lesmonts.ch\/wp_fr\/wp-json\/wp\/v2\/posts\/4940","targetHints":{"allow":["GET"]}}],"collection":[{"href":"https:\/\/www.lesmonts.ch\/wp_fr\/wp-json\/wp\/v2\/posts"}],"about":[{"href":"https:\/\/www.lesmonts.ch\/wp_fr\/wp-json\/wp\/v2\/types\/post"}],"author":[{"embeddable":true,"href":"https:\/\/www.lesmonts.ch\/wp_fr\/wp-json\/wp\/v2\/users\/1"}],"replies":[{"embeddable":true,"href":"https:\/\/www.lesmonts.ch\/wp_fr\/wp-json\/wp\/v2\/comments?post=4940"}],"version-history":[{"count":1,"href":"https:\/\/www.lesmonts.ch\/wp_fr\/wp-json\/wp\/v2\/posts\/4940\/revisions"}],"predecessor-version":[{"id":4941,"href":"https:\/\/www.lesmonts.ch\/wp_fr\/wp-json\/wp\/v2\/posts\/4940\/revisions\/4941"}],"wp:attachment":[{"href":"https:\/\/www.lesmonts.ch\/wp_fr\/wp-json\/wp\/v2\/media?parent=4940"}],"wp:term":[{"taxonomy":"category","embeddable":true,"href":"https:\/\/www.lesmonts.ch\/wp_fr\/wp-json\/wp\/v2\/categories?post=4940"},{"taxonomy":"post_tag","embeddable":true,"href":"https:\/\/www.lesmonts.ch\/wp_fr\/wp-json\/wp\/v2\/tags?post=4940"}],"curies":[{"name":"wp","href":"https:\/\/api.w.org\/{rel}","templated":true}]}}