{"id":12453,"date":"2025-03-16T11:04:59","date_gmt":"2025-03-16T10:04:59","guid":{"rendered":"https:\/\/www.lesmonts.ch\/wp_fr\/?p=12453"},"modified":"2025-03-16T11:05:00","modified_gmt":"2025-03-16T10:05:00","slug":"a-tort-ou-a-raison","status":"publish","type":"post","link":"https:\/\/www.lesmonts.ch\/wp_fr\/a-tort-ou-a-raison\/","title":{"rendered":"A tort ou \u00e0 raison"},"content":{"rendered":"\n<p class=\"wp-block-paragraph\">Peut-on justifier, ou expliquer, l&rsquo;attaque russe de l&rsquo;Ukraine ? Un ami m&rsquo;a transmis ce point de vue de Paul-Henri Arni, paru dans \u00ab\u00a0Le Matin\u00a0\u00bb, que vous pouvez aussi consulter sur ce lien : https:\/\/www.lematin.ch\/story\/vu-par-ukraine-russie-freres-ennemis-103301069<br><br>Paul-Henri Arni est historien, laur\u00e9at de \u00abLa Course autour du Monde\u00bb des TV francophones, ancien d\u00e9l\u00e9gu\u00e9 du CICR et diplomate des Nations-Unies. Pour abr\u00e9ger, il expose dans son propos les erreurs qu&rsquo;ont pu commettre les occidentaux dans leurs relations avec la Russie, en mettant en \u00e9vidence la proximit\u00e9 toujours plus grande de pays membres de l&rsquo;OTAN, alors que la Russie aurait voulu, d\u00e8s <a href=\"https:\/\/fr.wikipedia.org\/wiki\/Minsk_II\" target=\"_blank\" rel=\"noreferrer noopener\">Minsk II<\/a>, et probablement m\u00eame bien avant, ramener les \u00ab\u00a0limites\u00a0\u00bb de l&rsquo;OTAN \u00e0 ce qu&rsquo;\u00ealles \u00e9taient au temps de l&rsquo;URSS et du<a href=\"https:\/\/fr.wikipedia.org\/wiki\/Pacte_de_Varsovie\" target=\"_blank\" rel=\"noreferrer noopener\"> pacte de Varsovie<\/a>.<\/p>\n\n\n\n<p class=\"wp-block-paragraph\">Je ne suis pas un expert de la politique russe, et n&rsquo;entend pas le devenir; mais j&rsquo;ai d\u00e9j\u00e0 pu lire ce genre de discours chez d&rsquo;autres journalistes ou experts; ce discours &#8211; dont la th\u00e9matique est souvent reprise dans les arguments de <a href=\"https:\/\/fr.wikipedia.org\/wiki\/Sergue%C3%AF_Lavrov\" target=\"_blank\" rel=\"noreferrer noopener\">Serguei Lavrov<\/a> &#8211; tend \u00e0 justifier en partie l&rsquo;agression de l&rsquo;Ukraine par Poutine du fait de l&rsquo;expansion de l&rsquo;Union Europ\u00e9enne, et corollairement de son rapprochement des fronti\u00e8res de la Russie, avec l&rsquo;implantation de l&rsquo;OTAN dans des zones de plus en plus proches des fronti\u00e8res de la Russie. La Russie aurait donc \u00e9t\u00e9 encourag\u00e9e \u00e0 agresser l&rsquo;Ukraine pour qu&rsquo;elle n&rsquo;entre pas dans le giron de l&rsquo;OTAN. Bon, je veux bien&#8230; Mais lorsque Poutine a unilat\u00e9ralement annex\u00e9 la <a href=\"https:\/\/fr.wikipedia.org\/wiki\/Annexion_de_la_Crim%C3%A9e_par_la_Russie_en_2014#:~:text=L'annexion%20de%20la%20Crim%C3%A9e,Russie%20le%2018%20mars%202014%20.\" target=\"_blank\" rel=\"noreferrer noopener\">Crim\u00e9e <\/a>(partie de l&rsquo;Ukraine depuis <a href=\"https:\/\/fr.wikipedia.org\/wiki\/Nikita_Khrouchtchev\" target=\"_blank\" rel=\"noreferrer noopener\">Krouchtchev<\/a>), il ne me semble pas qu&rsquo;il \u00e9tait question d&rsquo;OTAN. Pas plus lors de son agression de la <a href=\"https:\/\/fr.wikipedia.org\/wiki\/Guerre_russo-g%C3%A9orgienne\" target=\"_blank\" rel=\"noreferrer noopener\">G\u00e9orgie <\/a>en 2008, alors que la G\u00e9orgie n&rsquo;a pas de fronti\u00e8re commune avec l&rsquo;OTAN ou l&rsquo;UE. D&rsquo;ailleurs certaines institutions en ont indirectement f\u00e9licit\u00e9 le dirigeant russe en lui attribuant des <a href=\"https:\/\/fr.wikipedia.org\/wiki\/Coupe_du_monde_de_football_2018\" data-type=\"link\" data-id=\"https:\/\/fr.wikipedia.org\/wiki\/Coupe_du_monde_de_football_2018\" target=\"_blank\" rel=\"noreferrer noopener\">\u00e9v\u00e8nements sportifs<\/a> \u00e0 visibilit\u00e9 internationale, Admettons toutefois que Gianni Infantino a fait pire &#8211; ou en tous cas aussi peu \u00e9l\u00e9gant &#8211; depuis&#8230;<\/p>\n\n\n\n<p class=\"wp-block-paragraph\">On n\u00e9glige souvent la vision tr\u00e8s diff\u00e9rente du monde que diff\u00e9rents dirigeants ont adopt\u00e9. Poutine, Xi, et plus r\u00e9cemment Trump ont des visions d&rsquo;un monde divis\u00e9 en zones d&rsquo;influences. La Russie, c&rsquo;est \u00ab\u00a0ici\u00a0\u00bb, et autour de la Russie gravitent des pays qui sont plus ou moins directement soumis \u00e0 la zone d&rsquo;influence russe; des idiots utiles, comme la Bi\u00e9lorussie et son pr\u00e9sident Loukatchenko. L&rsquo;Ukraine avec un pr\u00e9sident russophile n&rsquo;e\u00fbt probablement jamais \u00e9t\u00e9 attaqu\u00e9e par Poutine, car elle restait dans la zone d&rsquo;influence russe; en revanche, avec un gouvernement plut\u00f4t d\u00e9mocratique, elle risque de se tourner vers l&rsquo;Occident, et doit donc \u00eatre mat\u00e9e. Peu importent les raisons r\u00e9elles ou fictives que l&rsquo;on va invoquer, il n&rsquo;est pas tol\u00e9rable d&rsquo;avoir une fronti\u00e8re commune avec un \u00e9tat qui n&rsquo;est pas sous la zone d&rsquo;influence russe. L&rsquo;Union Europ\u00e9enne est dans cette optique un r\u00e9el danger pour des autocrates comme Poutine, ou m\u00eame Trump, car leur structure de gouvernance coll\u00e9giale est assez s\u00e9duisante pour des \u00e9tats comme l&rsquo;Ukraine, m\u00eame si cette structure s&rsquo;accompagne de lourdeurs administratives.<\/p>\n\n\n\n<p class=\"wp-block-paragraph\">Poutine a probablement plus peur de l&rsquo;Union Europ\u00e9enne que de l&rsquo;OTAN; apr\u00e8s tout, les bases militaires de l&rsquo;OTAN en Turquie, en Pologne et en Norv\u00e8ge, sont d\u00e9j\u00e0 \u00e0 quelques kilom\u00e8tres de sa fronti\u00e8re, alors que l&rsquo;Ukraine n&rsquo;avait, jusqu&rsquo;\u00e0 l&rsquo;attaque  par la Russie, pas encore \u00e9t\u00e9 candidate \u00e0 l&rsquo;adh\u00e9sion au trait\u00e9 de l&rsquo;Atlantique Nord. L&rsquo;Union Europ\u00e9enne en revanche est dangereuse parce que subversive aux yeux de dirigeants autocrates comme Poutine ou Trump. Elle donne l&rsquo;impression aux habitants qu&rsquo;ils pourraient d\u00e9cider de leur propre sort, et obtenir des avantages substantiels. Cette menace incite la Russie \u00e0 inonder l&rsquo;Europe Occidentale de cyberattaques et de tentatives de d\u00e9stabilisation et de d\u00e9sinformation, comme r\u00e9cemment lors de la <a href=\"https:\/\/fr.wikipedia.org\/wiki\/Accusations_d%27ing%C3%A9rence_russe_dans_l%27%C3%A9lection_pr%C3%A9sidentielle_roumaine_de_2024\" target=\"_blank\" rel=\"noreferrer noopener\">manipulation de l&rsquo;opinion roumaine<\/a> lors d&rsquo;\u00e9lections pr\u00e9sidentielles. <\/p>\n\n\n\n<p class=\"wp-block-paragraph\">Paul-Henri Arni a raison de rappeler certaines erreurs qu&rsquo;ont pu commettre les Occidentaux dans leurs relations avec la Russie. La principale erreur, \u00e0 mon avis, date de l&rsquo;\u00e9poque post-sovi\u00e9tique, alors que le peuple russe crevait de faim sous le gouvernement de Boris Eltsine, et qu&rsquo;un rapprochement avec l&rsquo;Europe occidentale e\u00fbt \u00e9t\u00e9 tr\u00e8s bienvenu. Ce rapprochement n&rsquo;a pas eu lieu, l&rsquo;Europe avait d&rsquo;autres soucis, et la Russie restait encore dans les esprits associ\u00e9e \u00e0 la guerre froide. <\/p>\n\n\n\n<p class=\"wp-block-paragraph\">Mais peu importent finalement les causes profondes de ce conflit. Je pense qu&rsquo;<strong>aucune raison ne peut l\u00e9gitimer l&rsquo;attaque militaire unilat\u00e9rale d&rsquo;un pays souverain<\/strong>, et <a href=\"https:\/\/www.rts.ch\/info\/monde\/2025\/article\/trump-et-l-ukraine-un-tournant-geopolitique-qui-inquiete-l-europe-28821204.html\" target=\"_blank\" rel=\"noreferrer noopener\">je ne suis pas seul<\/a> de cet avis. Le d\u00e9faut du propos du journaliste est de passer sous silence (comme le fait Donald Trump d&rsquo;ailleurs) ce fait av\u00e9r\u00e9 et indiscutable : <strong>la Russie est le pays agresseur<\/strong>. <br><\/p>\n","protected":false},"excerpt":{"rendered":"<p>Peut-on justifier, ou expliquer, l&rsquo;attaque russe de l&rsquo;Ukraine ? Un ami m&rsquo;a transmis ce point de vue de Paul-Henri Arni, paru dans \u00ab\u00a0Le Matin\u00a0\u00bb, que vous pouvez aussi consulter sur ce lien : https:\/\/www.lematin.ch\/story\/vu-par-ukraine-russie-freres-ennemis-103301069 Paul-Henri Arni est historien, laur\u00e9at de \u00abLa Course autour du Monde\u00bb des TV francophones, ancien d\u00e9l\u00e9gu\u00e9 du CICR et diplomate des &hellip; <a href=\"https:\/\/www.lesmonts.ch\/wp_fr\/a-tort-ou-a-raison\/\" class=\"more-link\">Continuer la lecture de <span class=\"screen-reader-text\">A tort ou \u00e0 raison<\/span>  <span class=\"meta-nav\">&rarr;<\/span><\/a><\/p>\n","protected":false},"author":1,"featured_media":0,"comment_status":"open","ping_status":"open","sticky":false,"template":"","format":"standard","meta":{"_crdt_document":"","ngg_post_thumbnail":0,"footnotes":""},"categories":[1],"tags":[],"class_list":["post-12453","post","type-post","status-publish","format-standard","hentry","category-non-classe"],"_links":{"self":[{"href":"https:\/\/www.lesmonts.ch\/wp_fr\/wp-json\/wp\/v2\/posts\/12453","targetHints":{"allow":["GET"]}}],"collection":[{"href":"https:\/\/www.lesmonts.ch\/wp_fr\/wp-json\/wp\/v2\/posts"}],"about":[{"href":"https:\/\/www.lesmonts.ch\/wp_fr\/wp-json\/wp\/v2\/types\/post"}],"author":[{"embeddable":true,"href":"https:\/\/www.lesmonts.ch\/wp_fr\/wp-json\/wp\/v2\/users\/1"}],"replies":[{"embeddable":true,"href":"https:\/\/www.lesmonts.ch\/wp_fr\/wp-json\/wp\/v2\/comments?post=12453"}],"version-history":[{"count":6,"href":"https:\/\/www.lesmonts.ch\/wp_fr\/wp-json\/wp\/v2\/posts\/12453\/revisions"}],"predecessor-version":[{"id":12465,"href":"https:\/\/www.lesmonts.ch\/wp_fr\/wp-json\/wp\/v2\/posts\/12453\/revisions\/12465"}],"wp:attachment":[{"href":"https:\/\/www.lesmonts.ch\/wp_fr\/wp-json\/wp\/v2\/media?parent=12453"}],"wp:term":[{"taxonomy":"category","embeddable":true,"href":"https:\/\/www.lesmonts.ch\/wp_fr\/wp-json\/wp\/v2\/categories?post=12453"},{"taxonomy":"post_tag","embeddable":true,"href":"https:\/\/www.lesmonts.ch\/wp_fr\/wp-json\/wp\/v2\/tags?post=12453"}],"curies":[{"name":"wp","href":"https:\/\/api.w.org\/{rel}","templated":true}]}}