{"id":12318,"date":"2024-12-02T19:12:09","date_gmt":"2024-12-02T18:12:09","guid":{"rendered":"https:\/\/www.lesmonts.ch\/wp_fr\/?p=12318"},"modified":"2024-12-02T19:15:45","modified_gmt":"2024-12-02T18:15:45","slug":"abbe-pierre","status":"publish","type":"post","link":"https:\/\/www.lesmonts.ch\/wp_fr\/abbe-pierre\/","title":{"rendered":"Abb\u00e9 Pierre"},"content":{"rendered":"\n<p class=\"wp-block-paragraph\">Derni\u00e8rement j&rsquo;ai entendu \u00e0 la radio, un peu par hasard, l&rsquo;interview d&rsquo;une personne qui parlait avec v\u00e9h\u00e9mence du comportement scandaleux de l&rsquo;abb\u00e9 Pierre, dont on sait maintenant qu&rsquo;il appr\u00e9ciait les femmes et n&rsquo;h\u00e9sitait pas \u00e0 abuser de sa position pour obtenir ce qu&rsquo;il voulait. Cette personne interview\u00e9e soutenait qu&rsquo;il fallait d\u00e9truire les r\u00e9f\u00e9rences \u00e0 ce pr\u00eatre indigne, et elle se f\u00e9licitait de ce que Emma\u00fcs ait d\u00e9cid\u00e9 d'\u00a0\u00bboublier\u00a0\u00bb son p\u00e8re fondateur, sous-entendant que tout le monde devait en faire autant.<\/p>\n\n\n\n<p class=\"wp-block-paragraph\">On a vou\u00e9 aux g\u00e9monies l&rsquo;Abb\u00e9 Pierre apr\u00e8s la r\u00e9v\u00e9lation de ses <a href=\"https:\/\/www.rts.ch\/info\/monde\/2024\/article\/l-abbe-pierre-vise-par-de-nouvelles-accusations-de-violences-sexuelles-la-fondation-va-changer-de-nom-28622791.html\" target=\"_blank\" rel=\"noreferrer noopener\">frasques sexuelles<\/a>. On pourrait croire que cet homme s&rsquo;est soudain d\u00e9guis\u00e9 en un supp\u00f4t de Satan, que tout ce qu&rsquo;il a pu r\u00e9aliser au cours de son existence doit \u00eatre balay\u00e9 en raison de ces abus sexuels. Une fondation portant son nom a d\u00e9cid\u00e9 de renier cette filiation en changeant de nom, la fondation Emma\u00fcs ne veut en effet plus entendre parler de son p\u00e8re fondateur; tout ce que cet homme a pu faire de bien pendant son existence est effac\u00e9 par la r\u00e9v\u00e9lation de ce que certains n&rsquo;h\u00e9sitent pas \u00e0 qualifier &#8211; peut-\u00eatre avec raison &#8211; de perversions sexuelles.<\/p>\n\n\n\n<p class=\"wp-block-paragraph\">Je ne veux pas excuser l&rsquo;Abb\u00e9 Pierre, pas plus que ces chanoines ou religieux de tout poil et de toutes vari\u00e9t\u00e9s confessionnelles qui ont un jour montr\u00e9 leur sexe \u00e0 de jeunes hommes ou femmes et leur ont ensuite fait violence pour leur seul plaisir. L&rsquo;agression sexuelle, quelle que soit sa forme est inexcusable; mais cela doit-il effacer tout ce que les auteurs desdites agressions ont pu faire de bien au cours de leur vie ?<\/p>\n\n\n\n<p class=\"wp-block-paragraph\">Pour en revenir \u00e0 ces religieux en mal d&rsquo;exp\u00e9riences sexuelles, on oublie un peu trop facilement de mentionner une des causes de leur comportement. Le <a href=\"https:\/\/fr.wikipedia.org\/wiki\/V%C5%93u_de_chastet%C3%A9\" target=\"_blank\" rel=\"noreferrer noopener\">v\u0153u de chastet\u00e9<\/a> est l&rsquo;un des trois v\u0153ux principaux (<em>chastet\u00e9<\/em>, <em>ob\u00e9issance <\/em>et <em>pauvret\u00e9<\/em>) que prononce un homme ou une femme au moment de son admission dans une congr\u00e9gation religieuse. Aucun de ces grands dirigeants de l&rsquo;Eglise que sont les \u00e9v\u00eaques ou le pape n&rsquo;a jamais pu imaginer que si Dieu avait mis des testicules et un p\u00e9nis entre les jambes d&rsquo;un \u00eatre m\u00e2le, c&rsquo;\u00e9tait dans un but pr\u00e9cis; et que si on rendait ce but inatteignable, cela pouvait poser probl\u00e8me.<\/p>\n\n\n\n<p class=\"wp-block-paragraph\">J&rsquo;irai plus loin : on crie au scandale parce que des cingl\u00e9s criminels imposent le voile int\u00e9gral \u00e0 des jeunes filles en Afghanistan ou en Iran; mais on passe sous un silence bienveillant mais aussi assourdissant le fait que l&rsquo;Eglise catholique impose la chastet\u00e9 (il est vrai avec le consentement implicite des int\u00e9ress\u00e9s) \u00e0 ses adeptes. Et pourtant ces deux restrictions partent du m\u00eame principe aberrant : imposer une pratique contre nature \u00e0 des gens avec ou sans leur consentement.<\/p>\n\n\n\n<p class=\"wp-block-paragraph\">La religion a pu, par le pass\u00e9, repr\u00e9senter un contre-pouvoir int\u00e9ressant aux seigneurs f\u00e9odaux; elle a pu dans une certaine mesure encourager la propagation du savoir, en le censurant toutefois quand ce savoir menacait de mettre en \u00e9vidence les lacunes de la foi. Mais, bas\u00e9es sur des croyances, les religions se trouvent actuellement \u00e0 chaque instant menac\u00e9es de contradictions flagrantes, \u00e0 tel point que beaucoup d&rsquo;\u00e9tats qui ont fond\u00e9 leur existence sur une croyance religieuse ont \u00e9t\u00e9 contraints de devenir des dictatures parfois sanglantes pour \u00e9viter de dispara\u00eetre. Le voeu de chastet\u00e9, comme le port du voile pour les femmes, est une survivance d&rsquo;une \u00e9poque &#8211; pas si lointaine, et parfois encore tr\u00e8s pr\u00e9sente &#8211; o\u00f9 le sexe \u00e9tait assimil\u00e9 au p\u00e9ch\u00e9.<\/p>\n\n\n\n<p class=\"wp-block-paragraph\">Je ne sais pas si l&rsquo;abb\u00e9 Pierre se serait mieux conduit si on lui avait permis d&rsquo;avoir une compagne. Mais sans aucunement excuser des abus sexuels commis sur des \u00eatres innocents, je refuse d&rsquo;oublier tous ses actes de bien en raison de ses agressions sexuelles.<\/p>\n","protected":false},"excerpt":{"rendered":"<p>Derni\u00e8rement j&rsquo;ai entendu \u00e0 la radio, un peu par hasard, l&rsquo;interview d&rsquo;une personne qui parlait avec v\u00e9h\u00e9mence du comportement scandaleux de l&rsquo;abb\u00e9 Pierre, dont on sait maintenant qu&rsquo;il appr\u00e9ciait les femmes et n&rsquo;h\u00e9sitait pas \u00e0 abuser de sa position pour obtenir ce qu&rsquo;il voulait. Cette personne interview\u00e9e soutenait qu&rsquo;il fallait d\u00e9truire les r\u00e9f\u00e9rences \u00e0 ce &hellip; <a href=\"https:\/\/www.lesmonts.ch\/wp_fr\/abbe-pierre\/\" class=\"more-link\">Continuer la lecture de <span class=\"screen-reader-text\">Abb\u00e9 Pierre<\/span>  <span class=\"meta-nav\">&rarr;<\/span><\/a><\/p>\n","protected":false},"author":1,"featured_media":0,"comment_status":"open","ping_status":"open","sticky":false,"template":"","format":"standard","meta":{"_crdt_document":"","ngg_post_thumbnail":0,"footnotes":""},"categories":[1],"tags":[],"class_list":["post-12318","post","type-post","status-publish","format-standard","hentry","category-non-classe"],"_links":{"self":[{"href":"https:\/\/www.lesmonts.ch\/wp_fr\/wp-json\/wp\/v2\/posts\/12318","targetHints":{"allow":["GET"]}}],"collection":[{"href":"https:\/\/www.lesmonts.ch\/wp_fr\/wp-json\/wp\/v2\/posts"}],"about":[{"href":"https:\/\/www.lesmonts.ch\/wp_fr\/wp-json\/wp\/v2\/types\/post"}],"author":[{"embeddable":true,"href":"https:\/\/www.lesmonts.ch\/wp_fr\/wp-json\/wp\/v2\/users\/1"}],"replies":[{"embeddable":true,"href":"https:\/\/www.lesmonts.ch\/wp_fr\/wp-json\/wp\/v2\/comments?post=12318"}],"version-history":[{"count":7,"href":"https:\/\/www.lesmonts.ch\/wp_fr\/wp-json\/wp\/v2\/posts\/12318\/revisions"}],"predecessor-version":[{"id":12336,"href":"https:\/\/www.lesmonts.ch\/wp_fr\/wp-json\/wp\/v2\/posts\/12318\/revisions\/12336"}],"wp:attachment":[{"href":"https:\/\/www.lesmonts.ch\/wp_fr\/wp-json\/wp\/v2\/media?parent=12318"}],"wp:term":[{"taxonomy":"category","embeddable":true,"href":"https:\/\/www.lesmonts.ch\/wp_fr\/wp-json\/wp\/v2\/categories?post=12318"},{"taxonomy":"post_tag","embeddable":true,"href":"https:\/\/www.lesmonts.ch\/wp_fr\/wp-json\/wp\/v2\/tags?post=12318"}],"curies":[{"name":"wp","href":"https:\/\/api.w.org\/{rel}","templated":true}]}}