{"id":11206,"date":"2023-01-11T15:05:54","date_gmt":"2023-01-11T14:05:54","guid":{"rendered":"https:\/\/www.lesmonts.ch\/wp_fr\/?p=11206"},"modified":"2023-01-11T20:04:36","modified_gmt":"2023-01-11T19:04:36","slug":"cher-activiste","status":"publish","type":"post","link":"https:\/\/www.lesmonts.ch\/wp_fr\/cher-activiste\/","title":{"rendered":"Cher activiste&#8230;"},"content":{"rendered":"\n<p class=\"wp-block-paragraph\">d<a rel=\"noreferrer noopener\" href=\"https:\/\/www.xrebellion.ch\/fr\/\" target=\"_blank\">&lsquo;Extinction\/R\u00e9bellion<\/a>, de <a rel=\"noreferrer noopener\" href=\"https:\/\/renovate-switzerland.ch\/\" target=\"_blank\">Renovate Switzerland<\/a> ou autre organisation voulant persuader la soci\u00e9t\u00e9 de faire des efforts dans le domaine \u00e9cologique, je respecte sinc\u00e8rement vos pr\u00e9occupations et vos motivations, que je partage pour la majeure partie d&rsquo;entre elles. Certains d&rsquo;entre vous sont des personnalit\u00e9s scientifiques de premier plan, professeurs d&rsquo;universit\u00e9s, prix Nobel m\u00eame, coauteurs du sixi\u00e8me rapport du GIEC, et \u00e0 ce titre parmi les personnes les mieux plac\u00e9es pour alarmer la population sur l&rsquo;\u00e9tat d\u00e9plorable de la plan\u00e8te et l&rsquo;urgence qu&rsquo;il y a de \u00ab\u00a0faire quelque chose\u00a0\u00bb. Je partage pleinement vos convictions, m\u00eame si je suis loin de pouvoir me targuer d&rsquo;une compr\u00e9hension aussi pr\u00e9cise que la v\u00f4tre des probl\u00e8mes que vous soulevez et de l&rsquo;urgence que vous d\u00e9noncez.<\/p>\n\n\n\n<p class=\"wp-block-paragraph\">Mais je reste extr\u00eamement dubitatif quant \u00e0 l&rsquo;efficacit\u00e9 des moyens que vous utilisez pour faire adh\u00e9rer les citoyens et les dirigeants politiques \u00e0 vos id\u00e9es. J&rsquo;ai d\u00e9j\u00e0 eu l&rsquo;occasion, par le pass\u00e9, d&rsquo;exprimer mes <a rel=\"noreferrer noopener\" href=\"https:\/\/www.lesmonts.ch\/wp_fr\/climate-strike\/\" target=\"_blank\">doutes <\/a>face \u00e0 l&rsquo;action consistant \u00e0 se coller les mains au bitume pour exprimer ses id\u00e9es, ou \u00e0 crever des pneus de SUV pour fustiger les propri\u00e9taires. Je ne crois pas qu&rsquo;un tel activisme soit constructif, ni m\u00eame utile \u00e0 la cause \u00e9cologique : il ne suffit pas de faire parler de soi dans les m\u00e9dias pour rendre la cause que l&rsquo;on veut d\u00e9fendre populaire. Bien s\u00fbr, c&rsquo;est l\u00e0 l&rsquo;avis d&rsquo;une personne bien moins comp\u00e9tente que vous sur le plan de l&rsquo;\u00e9cologie, et de surcro\u00eet plut\u00f4t genre vieux con (m\u00eame s&rsquo;il m&rsquo;arrive de <a rel=\"noreferrer noopener\" href=\"https:\/\/www.lesmonts.ch\/wp_fr\/vieux-moi\/\" target=\"_blank\">croire le contraire<\/a>), surtout par rapport \u00e0 de jeunes et brillants scientifiques (ou confirm\u00e9s, pour d&rsquo;autres) comme certains d&rsquo;entre vous. Mais permettez moi tout de m\u00eame de d\u00e9velopper quelque peu&#8230;<\/p>\n\n\n\n<p class=\"wp-block-paragraph\">Je suis \u00e9galement partag\u00e9 \u00e0 l&rsquo;id\u00e9e de cr\u00e9er un parti politique pour d\u00e9fendre les id\u00e9es \u00e9cologistes. D&rsquo;ailleurs, en Suisse, on en a cr\u00e9e deux (<a rel=\"noreferrer noopener\" href=\"https:\/\/verts.ch\/\" target=\"_blank\">Les Verts <\/a>et les <a rel=\"noreferrer noopener\" href=\"https:\/\/vertliberaux.ch\/\" target=\"_blank\">Vert&rsquo;lib\u00e9raux<\/a>); mais le discours est-il deux fois plus explicite pour autant ? Je crains plut\u00f4t que cela n&rsquo;ajoute \u00e0 la confusion que peuvent \u00e9prouver certains ! Donc je ne crois pas forc\u00e9ment \u00e0 l&rsquo;action politique directe non plus; une autre justification pour cette opinion est que l&rsquo;\u00e9cologie est l&rsquo;affaire de tous, pas de la droite, ni de la gauche, ni du centre. Pire, un parti implique une certaine exclusivit\u00e9. Un chef d&rsquo;entreprise aux id\u00e9es lib\u00e9rales mais poss\u00e9dant une conscience \u00e9cologique affirm\u00e9e doit-il voter PLR ou Vert&rsquo;lib\u00e9raux ? Un travailleur social convaincu mais amoureux de la nature et conscient des dangers qu&rsquo;on lui fait subir doit-il voter PS ou Vert ? Certes,   \u00ab\u00a0<em>c&rsquo;est la  confrontation\u00a0 avec\u00a0les\u00a0autres\u00a0qui\u00a0vous\u00a0permet\u00a0de\u00a0d\u00e9voiler\u00a0toutes \u00a0vos\u00a0 facettes<\/em>\u00a0\u00bb (<a rel=\"noreferrer noopener\" href=\"https:\/\/fr.wikipedia.org\/wiki\/Bj%C3%B6rk\" target=\"_blank\">Bj\u00f6rk<\/a>), mais une confrontation doit-elle n\u00e9cessairement d\u00e9boucher sur une opposition politique ? Imposer un choix n&rsquo;est pas forc\u00e9ment une bonne solution, car cela fait perdre des voix \u00e0 l&rsquo;un ou l&rsquo;autre parti. Ben oui, me direz vous, c&rsquo;est le principe de la d\u00e9mocratie ! Juste, mais si l&rsquo;\u00e9cologie est le probl\u00e8me de tous, alors c&rsquo;est l&rsquo;\u00e9cologie qui semble, statistiquement du moins, \u00eatre le principal perdant dans le processus, puisque tous sont concern\u00e9s mais que des voix seront perdues dans toutes les mouvances politiques.<\/p>\n\n\n\n<p class=\"wp-block-paragraph\">Mais alors, me direz vous : que sugg\u00e9rez vous ?<\/p>\n\n\n\n<p class=\"wp-block-paragraph\">Je reste toujours \u00e9tonn\u00e9 du relatif silence des activistes \u00e9cologiques sur les m\u00e9dias dits \u00ab\u00a0sociaux\u00a0\u00bb. Oh, bien s\u00fbr, ils utilisent les r\u00e9seaux comme Facebook ou What&rsquo;s App pour \u00e9changer des id\u00e9es entre eux, et organiser leurs meetings \u00ab\u00a0mains coll\u00e9es\u00a0\u00bb ou similaires; mais ils restent assez discrets en dehors de leur sph\u00e8re propre, l\u00e0 o\u00f9 justement il s&rsquo;agirait de gagner de nouveaux convertis. Pour nombre d&rsquo;entre vous, l&rsquo;\u00e9cologie est une affaire d&rsquo;\u00e9cologistes, avant tout; ce qui a pour effet de diffuser un certain sentiment d&rsquo;exclusion pour les non-initi\u00e9s. On ressent souvent l&rsquo;impression que vous \u00eates \u00ab\u00a0ceux qui savent\u00a0\u00bb, et que les autres devraient r\u00e9agir imm\u00e9diatement dans le sens que vous indiquez; d&rsquo;ailleurs, vos actions vont dans ce sens-l\u00e0 : vous cherchez \u00e0 forcer la main \u00e0 la soci\u00e9t\u00e9 pour qu&rsquo;elle aille dans le sens o\u00f9 vous pensez &#8211; \u00e0 raison, sans doute &#8211; qu&rsquo;elle doit se diriger.<\/p>\n\n\n\n<p class=\"wp-block-paragraph\">Malheureusement, vos arguments peinent \u00e0 convaincre les professionnels qui font face \u00e0 des probl\u00e8mes pratiques auxquels vous ne proposez pas de solution (et pour cause, vous n&rsquo;\u00eates pas dans la m\u00eame probl\u00e9matique). Un paysan affili\u00e9 \u00e0 l&rsquo;UDC \u00e9coutera certainement plus volontiers son coll\u00e8gue de parti qui fait face \u00e0 des probl\u00e8mes similaires \u00e0 quelques kilom\u00e8tres de sa propre ferme, plut\u00f4t que d&rsquo;\u00e9couter une scientifique aussi brillante soit-elle, et aussi pertinent que soit son discours, sortie d&rsquo;une universit\u00e9 qu&rsquo;il ne conna\u00eet que par ou\u00ef-dire. Un directeur de banque sera plus r\u00e9ceptif aux dires de son concurrent (membre du PLR) de la banque d&rsquo;en face, \u00e0 l&rsquo;ap\u00e9ro dinatoire de fin d&rsquo;ann\u00e9e qu&rsquo;\u00e0 la diatribe d&rsquo;un militant de Extinction\/R\u00e9bellion qui voudrait le voir bloquer les <a rel=\"noreferrer noopener\" href=\"https:\/\/www.liberation.fr\/checknews\/le-nouveau-projet-gazier-de-totalenergies-en-afrique-du-sud-represente-t-il-une-bombe-climatique-20221026_5WJ5SBQUW5DJHIBNEWFFLTHSGY\/\" target=\"_blank\">investissements <\/a>de son institut bancaire chez <a rel=\"noreferrer noopener\" href=\"https:\/\/www.totalenergies.fr\/\" target=\"_blank\">TotalEnergies<\/a>. Vous vous adressez aux politiciens et vous vous plaignez qu&rsquo;ils ne font rien ? Adressez vous aux \u00eatres humains en premier lieu : ce sont eux qui, dans nos d\u00e9mocraties, font les politiciens; ce sont eux aussi qui sont (ou devraient \u00eatre) les premiers concern\u00e9s par les catastrophes qui nous menacent : c&rsquo;est donc, \u00e0 mon sens, \u00e0 eux qu&rsquo;il convient de parler. Les politiciens \u00e9lus ne prendront gu\u00e8re de d\u00e9cisions qui pourraient sembler impopulaires \u00e0 leurs \u00e9lecteurs ou contraires \u00e0 leurs int\u00e9r\u00eats; en tous cas, je vois assez mal monsieur R\u00f6sti p\u00e9naliser les \u00e9nergies fossiles, cela ressemble \u00e0 l&rsquo;action de se tirer une balle dans le pied.<\/p>\n\n\n\n<p class=\"wp-block-paragraph\">D\u00e9nichez donc quelques chefs d&rsquo;entreprises ayant une conscience \u00e9cologique, et persuadez les de rouler pour l&rsquo;\u00e9cologie. Pas pour vous, mais pour leurs enfants, pour leur plan\u00e8te ! Que chacun d&rsquo;eux reste affili\u00e9 au PLR, mais que son discours devienne plus \u00ab\u00a0\u00e9co conscient\u00a0\u00bb, au sein de son propre parti; sans doute aura-t-il de meilleures chances que vous de persuader ses pairs, et avec des arguments plus pertinents que tout ce que vous pourriez mettre en avant. Trouvez un paysan intelligent (cela existe, et c&rsquo;est <a rel=\"noreferrer noopener\" href=\"https:\/\/fr.wikipedia.org\/wiki\/Fernand_Cuche\" target=\"_blank\">facile \u00e0 trouver<\/a>, je vous assure) qui se rend compte qu&rsquo;il va dans le mur. Encouragez le \u00e0 converser avec ses coll\u00e8gues affili\u00e9s \u00e0 l&rsquo;UDC : il y a de bonnes chances qu&rsquo;il parvienne, bien mieux que vous, \u00e0 persuader nombre de coll\u00e8gues, sinon \u00e0 l&rsquo;adh\u00e9sion \u00e0 vos opinions, du moins \u00e0 une saine remise en question des certitudes acquises. Et les opinions \u00e9mises \u00e0 la base d&rsquo;un parti vont rapidement remonter vers la direction, dans la mesure o\u00f9 un nombre significatif d&rsquo;individus s&rsquo;accordent sur le message : c&rsquo;est le principe m\u00eame de la d\u00e9mocratie telle que nous la connaissons en Suisse, mais aussi ailleurs en Occident.<\/p>\n\n\n\n<p class=\"wp-block-paragraph\">Mais, me direz vous, comment trouver ces perles pas si rares que \u00e7a ? Et comment les inciter \u00e0 rouler pour l&rsquo;\u00e9cologie? En fait, c&rsquo;est un probl\u00e8me qui a d\u00e9j\u00e0 \u00e9t\u00e9 r\u00e9solu, et il passe par ces fameux r\u00e9seaux sociaux. Donald Trump n&rsquo;aurait jamais d\u00fb entrer en fonctions le 20 janvier 2017. Il a \u00e9t\u00e9 \u00e9lu par une manipulation de l&rsquo;opinion am\u00e9ricaine utilisant les r\u00e9seaux sociaux, justement. Le proc\u00e9d\u00e9 est similaire \u00e0 celui utilis\u00e9 par Matteo Salvini qui a engag\u00e9 une \u00e9quipe d&rsquo;informaticiens pour influer sur les opinions de vote. Cela fait plusieurs ann\u00e9es d&rsquo;ailleurs que les \u00e9lections, dans nos d\u00e9mocraties, sont perturb\u00e9es par des scandales annonc\u00e9s quelques mois avant les \u00e9lections. Un hasard ? Si le mot \u00ab\u00a0hasard\u00a0\u00bb a pour synonymes Poutine, MBS, Xi ou Kim, alors oui, c&rsquo;est le hasard. Et il y a d&rsquo;autres synonymes que j&rsquo;omets, que j&rsquo;oublie ou que j&rsquo;ignore. <\/p>\n\n\n\n<p class=\"wp-block-paragraph\">Mais peut-\u00eatre que je vous choque en vous sugg\u00e9rant d&rsquo;utiliser les m\u00eames outils que ces personnages plut\u00f4t sulfureux ? Vous avez raison, je r\u00e9prouve l&rsquo;utilisation de ce genre d&rsquo;outils, et je me consid\u00e8re comme un connaisseur de par ma formation et mon <em>cursus <\/em>professionnel. Mais je r\u00e9prouve aussi la maculature d&rsquo;\u0153uvres d&rsquo;art dans les mus\u00e9es, entre autres : si vous voulez jeter de la sauce tomate sur une \u0153uvre que vous ne consid\u00e9rez pas comme p\u00e9renne, alors choisissez plut\u00f4t MBS ou un de ses acolytes comme cible, ce sera plus constructif. Accessoirement, plus rigolo; et plus difficile aussi, voire plus dangereux, mais bon&#8230; Ces moyens, pour discutables qu&rsquo;ils soient, ne sont pas ill\u00e9gaux; et correctement utilis\u00e9s, fond\u00e9s sur un argumentaire de qualit\u00e9 comme celui que vous d\u00e9fendez, ils me semblent plus raisonnables que se coller les mains \u00e0 l&rsquo;asphalte en attendant que des fonctionnaires de police viennent vous lib\u00e9rer. Par ailleurs,, alors que les Trump ou autres Poutine utilisent la d\u00e9sinformation pour leurs actions, vous pouvez vous offrir le luxe de ne pr\u00e9senter qu&rsquo;une information parfaitement v\u00e9ridique et authentique !  Vos rangs regorgent de personnes sup\u00e9rieurement qualifi\u00e9es, en informatique pour infiltrer les r\u00e9seaux sociaux, en \u00e9coles d&rsquo;art pour concocter des clips de qualit\u00e9 professionnelle, en marketing pour optimiser l&rsquo;impact d&rsquo;un message et que sais je encore : pourquoi n&rsquo;utilisez vous pas mieux les comp\u00e9tences dont vous pouvez disposez ? Les personnes qui pourraient vous apporter leur aide ne sont pas forc\u00e9ment membres actifs de vos mouvements, parfois jug\u00e9s trop radicaux; mais ils ne demanderaient pas mieux que s&rsquo;investir pour une cause qu&rsquo;ils estiment l\u00e9gitime. Les contacter au travers des r\u00e9seaux sociaux constitue aussi une m\u00e9thode assez simple et efficace de les recruter.<\/p>\n\n\n\n<p class=\"wp-block-paragraph\">Il y a un autre avantage \u00e0 utiliser les r\u00e9seaux sociaux comme arme dans ce genre de combat. Bloquer le Pont Bessi\u00e8res \u00e0 Lausanne n&rsquo;a que peu d&rsquo;impact en dehors de la Suisse, voire de la Suisse Romande, si tant est qu&rsquo;il y ait un impact significatif dans le pays. Internet en revanche ne conna\u00eet que peu de fronti\u00e8res; \u00e0 l&rsquo;\u00e9poque Greta Thunberg l&rsquo;avait compris, mais pour nombre de raisons qu&rsquo;il ne m&rsquo;appartient pas de chercher \u00e0 analyser, elle n&rsquo;a pas jug\u00e9 opportun de pousser le fragile avantage qu&rsquo;elle avait su se procurer. Il me semble possible de faire mieux; des personnes de votre qualit\u00e9 peuvent mobiliser des chercheurs dans les universit\u00e9s, les \u00e9coles polytechniques, les hautes \u00e9coles, pour initier un vaste programme de propagande sur les r\u00e9seaux sociaux. Il s&rsquo;agit d&rsquo;infiltrer les r\u00e9seaux des principaux partis politiques pour inciter certains membres \u00e0 promouvoir des solutions allant dans le sens de vos aspirations. Identifier ces membres est un probl\u00e8me que les sp\u00e9cialistes en<em><a rel=\"noreferrer noopener\" href=\"https:\/\/fr.wikipedia.org\/wiki\/Exploration_de_donn%C3%A9es\" target=\"_blank\"> data mining<\/a><\/em> peuvent r\u00e9soudre sans difficult\u00e9s excessives : du moins, la m\u00e9thodologie menant \u00e0 la solution est connue et \u00e9prouv\u00e9e. Il n&rsquo;y a pas que les informaticiens de Saint-P\u00e9tersbourg qui soient en mesure d&rsquo;exploiter ces m\u00e9thodes.<\/p>\n\n\n\n<p class=\"wp-block-paragraph\">Peut-\u00eatre n&rsquo;est-ce pas une bonne id\u00e9e, ou peut-\u00eatre l&rsquo;avez-vous d\u00e9j\u00e0 exp\u00e9riment\u00e9e en pure perte. Mais je m&rsquo;\u00e9tonne alors de ne jamais en avoir entendu parler, Je ne crois pas que la contestation directe puisse influencer \u00e0 br\u00e8ve \u00e9ch\u00e9ance la politique du DETEC dirig\u00e9 par M. \u00ab\u00a0\u00d6lbert\u00a0\u00bb R\u00f6sti, par exemple. Et je ne crois pas non plus que l&rsquo;action politique d&rsquo;un parti \u00ab\u00a0Vert\u00a0\u00bb puisse y parvenir. En revanche, certains chefs d&rsquo;entreprises, agriculteurs et investisseurs ont d\u00e9j\u00e0, spontan\u00e9ment, adopt\u00e9 une attitude \u00e9co-consciente; il suffit peut-\u00eatre de peu d&rsquo;efforts pour que leur nombre augmente de mani\u00e8re significative, assez pour que les dirigeants politiques ne puissent plus repousser l&rsquo;examen du probl\u00e8me aux prochaines \u00e9lections.<\/p>\n\n\n\n<p class=\"wp-block-paragraph\"><\/p>\n","protected":false},"excerpt":{"rendered":"<p>d&lsquo;Extinction\/R\u00e9bellion, de Renovate Switzerland ou autre organisation voulant persuader la soci\u00e9t\u00e9 de faire des efforts dans le domaine \u00e9cologique, je respecte sinc\u00e8rement vos pr\u00e9occupations et vos motivations, que je partage pour la majeure partie d&rsquo;entre elles. Certains d&rsquo;entre vous sont des personnalit\u00e9s scientifiques de premier plan, professeurs d&rsquo;universit\u00e9s, prix Nobel m\u00eame, coauteurs du sixi\u00e8me rapport &hellip; <a href=\"https:\/\/www.lesmonts.ch\/wp_fr\/cher-activiste\/\" class=\"more-link\">Continuer la lecture de <span class=\"screen-reader-text\">Cher activiste&#8230;<\/span>  <span class=\"meta-nav\">&rarr;<\/span><\/a><\/p>\n","protected":false},"author":1,"featured_media":0,"comment_status":"open","ping_status":"open","sticky":false,"template":"","format":"standard","meta":{"_crdt_document":"","ngg_post_thumbnail":0,"footnotes":""},"categories":[1],"tags":[118,77],"class_list":["post-11206","post","type-post","status-publish","format-standard","hentry","category-non-classe","tag-activistes","tag-ecologie-2"],"_links":{"self":[{"href":"https:\/\/www.lesmonts.ch\/wp_fr\/wp-json\/wp\/v2\/posts\/11206","targetHints":{"allow":["GET"]}}],"collection":[{"href":"https:\/\/www.lesmonts.ch\/wp_fr\/wp-json\/wp\/v2\/posts"}],"about":[{"href":"https:\/\/www.lesmonts.ch\/wp_fr\/wp-json\/wp\/v2\/types\/post"}],"author":[{"embeddable":true,"href":"https:\/\/www.lesmonts.ch\/wp_fr\/wp-json\/wp\/v2\/users\/1"}],"replies":[{"embeddable":true,"href":"https:\/\/www.lesmonts.ch\/wp_fr\/wp-json\/wp\/v2\/comments?post=11206"}],"version-history":[{"count":22,"href":"https:\/\/www.lesmonts.ch\/wp_fr\/wp-json\/wp\/v2\/posts\/11206\/revisions"}],"predecessor-version":[{"id":11371,"href":"https:\/\/www.lesmonts.ch\/wp_fr\/wp-json\/wp\/v2\/posts\/11206\/revisions\/11371"}],"wp:attachment":[{"href":"https:\/\/www.lesmonts.ch\/wp_fr\/wp-json\/wp\/v2\/media?parent=11206"}],"wp:term":[{"taxonomy":"category","embeddable":true,"href":"https:\/\/www.lesmonts.ch\/wp_fr\/wp-json\/wp\/v2\/categories?post=11206"},{"taxonomy":"post_tag","embeddable":true,"href":"https:\/\/www.lesmonts.ch\/wp_fr\/wp-json\/wp\/v2\/tags?post=11206"}],"curies":[{"name":"wp","href":"https:\/\/api.w.org\/{rel}","templated":true}]}}