{"id":10880,"date":"2022-09-14T08:49:16","date_gmt":"2022-09-14T06:49:16","guid":{"rendered":"https:\/\/www.lesmonts.ch\/wp_fr\/?p=10880"},"modified":"2022-09-14T18:03:16","modified_gmt":"2022-09-14T16:03:16","slug":"penuries","status":"publish","type":"post","link":"https:\/\/www.lesmonts.ch\/wp_fr\/penuries\/","title":{"rendered":"P\u00e9nuries !"},"content":{"rendered":"\n<p class=\"wp-block-paragraph\">Il y a quelques jours, j&rsquo;\u00e9tais allong\u00e9 sur une chaise, la t\u00eate au-dessous du niveau des pieds, et deux personnes tentaient par tous les moyens d&rsquo;ins\u00e9rer divers outils dans mon orifice buccal en vue de m&rsquo;administrer des soins dentaires. Une fraise de dentiste, \u00e0 qui je n\u2019avais pourtant rien fait de mal, s\u2019ing\u00e9niait \u00e0 creuser dans mon maxillaire sup\u00e9rieur avec des effets rien moins qu\u2019agr\u00e9ables pour votre serviteur. C\u2019est \u00e0 ce moment que je me suis demand\u00e9 ce qui se passerait si un g\u00e9nie malfaisant (ou exag\u00e9r\u00e9ment fac\u00e9tieux, c\u2019est selon) coupait l\u2019alimentation en \u00e9lectricit\u00e9 du cabinet dentaire.<\/p>\n\n\n\n<p class=\"wp-block-paragraph\">Contrairement aux blocs chirurgicaux hospitaliers, les sites de soins dentaires sont peu prot\u00e9g\u00e9s contre des interruptions d\u2019alimentation, car souvent situ\u00e9s dans des appartements r\u00e9am\u00e9nag\u00e9s \u00e0 cet effet. Une coupure de l\u2019alimentation interrompt donc instantan\u00e9ment le fonctionnement de tous les outils du cabinet dentaire, ce qui e\u00fbt laiss\u00e9 le patient (moi-m\u00eame en l\u2019occurrence) litt\u00e9ralement bouche b\u00e9e. Il y a de nombreuses autres circonstances qui pourraient s\u2019av\u00e9rer cocasses, ou critiques selon les cas. Comment cela se passe-t-il dans un ascenseur, par exemple&nbsp;? Qu\u2019en est-il du nombre de plus en plus \u00e9lev\u00e9 de transactions en ligne (bancaires, commerciales, de t\u00e9l\u00e9achat) qui se trouvent interrompues dans un \u00e9tat pas trop d\u00e9termin\u00e9, m\u00eame si l\u2019on utilise un ordinateur portable muni d\u2019une batterie&nbsp;: le routeur d\u2019acc\u00e8s est rarement prot\u00e9g\u00e9, lui. Et ne comptons pas trop sur nos chers et indispensables <a href=\"https:\/\/www.cordial.fr\/dictionnaire\/definition\/intelliphone.php#:~:text=D%C3%A9finition%20de%20intelliphone&amp;text=%C3%89quivalent%20conseill%C3%A9%20de%20l'anglais,Web%20et%20lancer%20des%20applications.\" target=\"_blank\" rel=\"noreferrer noopener\">intelliphones&nbsp;<\/a>: le r\u00e9seau 4G ou 5G ne r\u00e9siste pas tr\u00e8s longtemps \u00e0 une panne de courant. Les op\u00e9rateurs parlent d\u2019une heure d\u2019autonomie pour les antennes, je peux imaginer qu\u2019apr\u00e8s la moiti\u00e9 de ce temps surgissent les premi\u00e8res d\u00e9faillances. On ne fera que mentionner les feux tricolores de circulation souvent command\u00e9s par un syst\u00e8me de r\u00e9gulation informatique complexe depuis une centrale truff\u00e9e d\u2019ordinateurs et d\u2019\u00e9crans de visualisation du plus bel effet&#8230;<\/p>\n\n\n\n<p class=\"wp-block-paragraph\">Cette probl\u00e9matique a toujours \u00e9t\u00e9 pr\u00e9sente&nbsp;; mais on avait fini par la cacher sous le tapis. Fin juin 2022, le conseiller f\u00e9d\u00e9ral Guy Parmelin demandait aux Suisses de se pr\u00e9parer \u00e0 <a rel=\"noreferrer noopener\" href=\"https:\/\/www.rts.ch\/info\/suisse\/13209230-guy-parmelin-recommande-de-se-preparer-a-baisser-le-chauffage-lhiver-prochain.html\" target=\"_blank\">baisser le chauffage<\/a> en raison de p\u00e9nuries pr\u00e9visibles de gaz \u00e0 partir de l&rsquo;hiver prochain. Les citoyens suisses, confiants dans la sagesse de leur gouvernement, l&rsquo;ont cru; mais comme les Suisses sont apparemment aussi assez frileux, ils ont pris proactivement d&rsquo;autres mesures pour se pr\u00e9parer \u00e0 l&rsquo;hiver : ils ont fait l&rsquo;acquisition massive de radiateurs \u00e9lectriques. Et dans le m\u00eame temps, les autorit\u00e9s mettaient en garde la population contre les canicules \u00e0 venir, ce qui a incit\u00e9 les gens \u00e0 l&rsquo;acquisition de climatiseurs bon march\u00e9 et puissamment \u00e9nergivores. <\/p>\n\n\n\n<p class=\"wp-block-paragraph\">Le petit probl\u00e8me, c&rsquo;est que les <a rel=\"noreferrer noopener\" href=\"https:\/\/www.rts.ch\/info\/suisse\/13189077-eviter-le-blackout-la-suisse-face-au-defi-des-penuries-delectricite.html\" target=\"_blank\">distributeurs d&rsquo;\u00e9lectricit\u00e9 se font aussi du souci<\/a> pour l&rsquo;approvisionnement en \u00e9nergie \u00e9lectrique cet hiver. L&rsquo;annonce du conseiller f\u00e9d\u00e9ral Parmelin est un v\u00e9ritable appel \u00e0 la surconsommation \u00e9lectrique, et donc au black-out que l&rsquo;on voulait en principe \u00e9viter. On ne peut s&#8217;emp\u00eacher de penser que le gouvernement a un peu perdu la ma\u00eetrise du sujet, si tant est qu&rsquo;il n&rsquo;ait jamais poss\u00e9d\u00e9 cette ma\u00eetrise d&rsquo;ailleurs. Il n&rsquo;est que de se souvenir du discours de madame Leuthard sur l&rsquo;<a rel=\"noreferrer noopener\" href=\"https:\/\/www.rts.ch\/info\/suisse\/3404146-nucleaire-leuthard-pour-une-sortie-sans-condition.html\" target=\"_blank\">abandon des centrales nucl\u00e9aires<\/a> qui fut certes applaudi dans le contexte de <a rel=\"noreferrer noopener\" href=\"https:\/\/fr.wikipedia.org\/wiki\/Accident_nucl%C3%A9aire_de_Fukushima\" target=\"_blank\">Fukushima<\/a>, mais qu&rsquo;aucune mesure de remplacement ne vint compl\u00e9ter. Concr\u00e8tement, on a d\u00e9cid\u00e9 de supprimer <a rel=\"noreferrer noopener\" href=\"https:\/\/www.admin.ch\/gov\/fr\/accueil\/documentation\/communiques.msg-id-84908.html#:~:text=L'%C3%A9lectricit%C3%A9%20produite%20en%20Suisse,mix%20de%20production%20suisse%202020).\" target=\"_blank\">plus de 30%<\/a> des sources d&rsquo;approvisionnement en \u00e9nergie \u00e9lectrique du pays sans se donner la peine de r\u00e9fl\u00e9chir \u00e0 ce qui allait remplacer ce d\u00e9ficit. Quelque part, l\u2019inconscient collectif a imagin\u00e9 que l\u2019on pourrait acqu\u00e9rir l\u2019\u00e9nergie aupr\u00e8s de la France voisine, qui n\u2019a pas encore jet\u00e9 ses centrales nucl\u00e9aires au rebut et ne s\u2019appr\u00eate pas \u00e0 le faire&nbsp;; mauvaise pioche (ind\u00e9pendamment du caract\u00e8re cynique de la r\u00e9flexion) , car pas mal de centrales nucl\u00e9aires de nos voisins sont en r\u00e9vision technique, actuellement. <\/p>\n\n\n\n<p class=\"wp-block-paragraph\">Je sais, je me r\u00e9p\u00e8te (l&rsquo;\u00e2ge, sans doute&#8230;), mais \u00ab\u00a0<a rel=\"noreferrer noopener\" href=\"https:\/\/www.lemonde.fr\/blog\/luludardis\/2020\/03\/26\/gouverner-cest-prevoir-et-ne-rien-prevoir-cest-courir-a-sa-perte-emile-de-girardin-la-politique-universelle-1852\/\" target=\"_blank\">Gouverner, c&rsquo;est pr\u00e9voir&#8230;<\/a>\u00a0\u00bb (<a rel=\"noreferrer noopener\" href=\"https:\/\/fr.wikipedia.org\/wiki\/%C3%89mile_de_Girardin\" target=\"_blank\">Emile de Girardin<\/a>). Mais pour un politicien, gouverner, c&rsquo;est avant tout parler; pour agir, on verra plus tard, \u00e9ventuellement apr\u00e8s les \u00e9lections; ou apr\u00e8s la l\u00e9gislature en cours; peut-\u00eatre que le successeur aura le bon go\u00fbt de s&rsquo;en occuper, ou n&rsquo;aura pas le choix de ne pas s&rsquo;en occuper. Dans l&rsquo;imm\u00e9diat, il suffit de parler, occuper la sc\u00e8ne oratoire et les m\u00e9dias par un discours qui sera jug\u00e9 ad\u00e9quat par la majorit\u00e9 \u00e9lectrice soucieuse de son confort.<\/p>\n\n\n\n<p class=\"wp-block-paragraph\">De nombreuses personnalit\u00e9s de tous bords ont d\u00e9velopp\u00e9 sur ce sujet une pathologie bien connue, mais assez mal document\u00e9e : l&rsquo;incontinence verbale, plus difficile \u00e0 contenir que l&rsquo;incontinence urinaire, car une couche-culotte plus ou moins discr\u00e8te ne suffit pas. Elle se manifeste par une logorrh\u00e9e surabondante, et souvent assez naus\u00e9abonde et d\u00e9pourvue d&rsquo;int\u00e9r\u00eat pratique. Dans le domaine qui nous int\u00e9resse, il s&rsquo;agit de marteler au consommateur le message selon lequel il consomme trop (de gaz, d&rsquo;eau, d&rsquo;\u00e9lectricit\u00e9, d&rsquo;essence, de viande, de fuel, d&rsquo;air respirable, d&rsquo;espace) et de lui donner de bons (?) conseils pour \u00e9conomiser. Ce n&rsquo;est pas propre \u00e0 la Suisse d&rsquo;ailleurs ! Pour illustrer le discours, on va proposer des mesures cosm\u00e9tiques, histoire de laisser \u00e0 penser que l&rsquo;on \u00ab\u00a0fait quelque chose\u00a0\u00bb. On va encourager les gens \u00e0 installer des pompes \u00e0 chaleur, alors que tout le monde est en rupture de stock; on va proposer l&rsquo;installation de panneaux solaires, alors qu&rsquo;ils ne sont pas livrables, ou respectivement que l\u2019on ne peut les raccorder au r\u00e9seau faute d\u2019onduleurs.<\/p>\n\n\n\n<p class=\"wp-block-paragraph\">Dans le domaine des mesures cosm\u00e9tiques peu efficaces, nos voisins de France ne sont pas beaucoup plus inspir\u00e9s ; le gouvernement fran\u00e7ais lutte contre le rench\u00e9rissement du prix des carburants en finan\u00e7ant l&rsquo;essence sur les deniers publics : une politique qui favorise les v\u00e9hicules \u00e0 grosse consommation (qui r\u00e9cup\u00e8rent proportionnellement plus de financement de l&rsquo;Etat), et accessoirement les <a rel=\"noreferrer noopener\" href=\"https:\/\/www.rts.ch\/info\/economie\/13296477-nombre-de-suisses-vont-en-france-pour-beneficier-de-la-remise-de-18-centimes-sur-le-carburant.html\" target=\"_blank\">frontaliers genevois <\/a>qui vont faire le plein en France voisine. On conseille aux gens de prendre les transports publics, on veut favoriser la mobilit\u00e9 douce, mais on n&rsquo;a gu\u00e8re de scrupules \u00e0 importer des v\u00e9hicules affichant une puissance absurde et capables de <a rel=\"noreferrer noopener\" href=\"https:\/\/www.rts.ch\/info\/monde\/12847840-rouler-a-417-kmh-sur-lautoroute-est-punissable-meme-en-allemagne.html\" target=\"_blank\">vitesses d\u00e9lirantes<\/a>, totalement inad\u00e9quates sur une route ouverte.<\/p>\n\n\n\n<p class=\"wp-block-paragraph\">Selon diverses sources, Internet serait <a rel=\"noreferrer noopener\" href=\"https:\/\/www.fournisseur-energie.com\/internet-plus-gros-pollueur-de-planete\/\" target=\"_blank\">le plus gros pollueur de la plan\u00e8te<\/a> (ou est en passe de le devenir). Bien s\u00fbr, ce n&rsquo;est pas Internet par lui-m\u00eame qui est pollueur, c&rsquo;est les applications que l&rsquo;on d\u00e9veloppe sur l&rsquo;infrastructure; mais beaucoup tendent \u00e0 confondre les deux aspects. Un courriel ne consomme pas grand-chose; un million de messages r\u00e9clament d\u00e9j\u00e0 un peu plus d&rsquo;\u00e9nergie. Mais quand on sait que 70 \u00e0 80% de ces messages sont des messages non sollicit\u00e9s (pourriels, spams), on se demande pourquoi personne ne fait rien pour les bloquer \u00e0 la source ! On se contente de les bloquer \u00e0 l&rsquo;arriv\u00e9e, lorsqu&rsquo;ils ont d\u00e9j\u00e0 consomm\u00e9 des ressources; et il n&rsquo;y a m\u00eame pas de l\u00e9gislation envisag\u00e9e pour limiter le ph\u00e9nom\u00e8ne, alors m\u00eame que ces pourriels convoient \u00e9galement la quasi totalit\u00e9 des arnaques sur Internet.<\/p>\n\n\n\n<p class=\"wp-block-paragraph\">Les principaux responsables de la surconsommation d&rsquo;Internet seraient le streaming et les data center. On oublie peut-\u00eatre un peu facilement les cryptomonnaies, qui repr\u00e9sentent un poids consid\u00e9rable dans la consommation des infrastructures Internet; mais quelqu&rsquo;un parle-t-il de r\u00e9glementer la diffusion de \u00ab\u00a0<a rel=\"noreferrer noopener\" href=\"https:\/\/fr.wikipedia.org\/wiki\/House_of_the_Dragon\" target=\"_blank\">House of the Dragon\u00a0\u00bb <\/a>? Des \u00ab\u00a0<a rel=\"noreferrer noopener\" href=\"https:\/\/fr.wikipedia.org\/wiki\/Le_Seigneur_des_anneaux_:_Les_Anneaux_de_pouvoir\" target=\"_blank\">Anneaux de Pouvoir<\/a>\u00a0\u00bb ? Pas si b\u00eate, cela rapporte bien trop d&rsquo;argent&#8230; <\/p>\n\n\n\n<p class=\"wp-block-paragraph\">Il y aura probablement des p\u00e9nuries, certaines aboutiront peut-\u00eatre \u00e0 des situations cocasses ou tragiques. Mais ce sera votre faute, vous autres qui consommez trop et ne posez pas de couvercle sur la casserole pour chauffer l&rsquo;eau; ce ne sera pas la faute des responsables politiques qui n&rsquo;ont rien entrepris \u00e0 l&rsquo;\u00e9poque pour favoriser une transition en douceur, alors m\u00eame que le contexte g\u00e9opolitique \u00e9tait favorable. Alors que maintenant, en situation de guerre en Europe, le probl\u00e8me est forc\u00e9ment d&rsquo;un abord plus d\u00e9licat&#8230;<\/p>\n","protected":false},"excerpt":{"rendered":"<p>Il y a quelques jours, j&rsquo;\u00e9tais allong\u00e9 sur une chaise, la t\u00eate au-dessous du niveau des pieds, et deux personnes tentaient par tous les moyens d&rsquo;ins\u00e9rer divers outils dans mon orifice buccal en vue de m&rsquo;administrer des soins dentaires. Une fraise de dentiste, \u00e0 qui je n\u2019avais pourtant rien fait de mal, s\u2019ing\u00e9niait \u00e0 creuser &hellip; <a href=\"https:\/\/www.lesmonts.ch\/wp_fr\/penuries\/\" class=\"more-link\">Continuer la lecture de <span class=\"screen-reader-text\">P\u00e9nuries !<\/span>  <span class=\"meta-nav\">&rarr;<\/span><\/a><\/p>\n","protected":false},"author":1,"featured_media":0,"comment_status":"open","ping_status":"open","sticky":false,"template":"","format":"standard","meta":{"_crdt_document":"","ngg_post_thumbnail":0,"footnotes":""},"categories":[1],"tags":[87,108],"class_list":["post-10880","post","type-post","status-publish","format-standard","hentry","category-non-classe","tag-energie","tag-pe-nurie"],"_links":{"self":[{"href":"https:\/\/www.lesmonts.ch\/wp_fr\/wp-json\/wp\/v2\/posts\/10880","targetHints":{"allow":["GET"]}}],"collection":[{"href":"https:\/\/www.lesmonts.ch\/wp_fr\/wp-json\/wp\/v2\/posts"}],"about":[{"href":"https:\/\/www.lesmonts.ch\/wp_fr\/wp-json\/wp\/v2\/types\/post"}],"author":[{"embeddable":true,"href":"https:\/\/www.lesmonts.ch\/wp_fr\/wp-json\/wp\/v2\/users\/1"}],"replies":[{"embeddable":true,"href":"https:\/\/www.lesmonts.ch\/wp_fr\/wp-json\/wp\/v2\/comments?post=10880"}],"version-history":[{"count":18,"href":"https:\/\/www.lesmonts.ch\/wp_fr\/wp-json\/wp\/v2\/posts\/10880\/revisions"}],"predecessor-version":[{"id":10932,"href":"https:\/\/www.lesmonts.ch\/wp_fr\/wp-json\/wp\/v2\/posts\/10880\/revisions\/10932"}],"wp:attachment":[{"href":"https:\/\/www.lesmonts.ch\/wp_fr\/wp-json\/wp\/v2\/media?parent=10880"}],"wp:term":[{"taxonomy":"category","embeddable":true,"href":"https:\/\/www.lesmonts.ch\/wp_fr\/wp-json\/wp\/v2\/categories?post=10880"},{"taxonomy":"post_tag","embeddable":true,"href":"https:\/\/www.lesmonts.ch\/wp_fr\/wp-json\/wp\/v2\/tags?post=10880"}],"curies":[{"name":"wp","href":"https:\/\/api.w.org\/{rel}","templated":true}]}}