{"id":10528,"date":"2022-03-13T14:38:32","date_gmt":"2022-03-13T13:38:32","guid":{"rendered":"https:\/\/www.lesmonts.ch\/wp_fr\/?p=10528"},"modified":"2022-03-14T19:48:20","modified_gmt":"2022-03-14T18:48:20","slug":"le-clown-et-le-dictateur","status":"publish","type":"post","link":"https:\/\/www.lesmonts.ch\/wp_fr\/le-clown-et-le-dictateur\/","title":{"rendered":"Le clown et le dictateur"},"content":{"rendered":"\n<p class=\"wp-block-paragraph\">J&rsquo;avais une dizaine d&rsquo;ann\u00e9es quand j&rsquo;assistai \u00e0 mon premier spectacle de cirque, et que je d\u00e9couvris pour la premi\u00e8re fois un clown. C&rsquo;\u00e9tait lors d&rsquo;une repr\u00e9sentation du Cirque National Knie, qui faisait halte dans le Chablais Vaudois, place des Glariers \u00e0 Aigle. Le clown ne me fit pas vraiment rire, pour autant que je me souvienne : il me paraissait plut\u00f4t inqui\u00e9tant. Il fallut plusieurs ann\u00e9es pour que je comprenne qu&rsquo;il existe diff\u00e9rents clowns, qu&rsquo;ils peuvent \u00eatre dr\u00f4les, tristes, voire mal\u00e9fiques ou inqui\u00e9tants. Et que le d\u00e9guisement ne fait pas le clown : le plus grand clown que j&rsquo;aie jamais admir\u00e9 ne se d\u00e9guisait pratiquement jamais : c&rsquo;\u00e9tait Raymond Devos, empereur de l&rsquo;absurde; il a trop rarement \u00e9t\u00e9 approch\u00e9 par Coluche, prince de la d\u00e9rision. J&rsquo;ai aussi appris \u00e0 faire la diff\u00e9rence entre le clown et l&rsquo;humoriste, m\u00eame si les deux r\u00f4les peuvent \u00e0 l&rsquo;occasion \u00eatre incarn\u00e9s par une m\u00eame personne.<\/p>\n\n\n\n<p class=\"wp-block-paragraph\">A l&rsquo;\u00e9poque, on ne parlait pas trop d&rsquo;histoire aux tr\u00e8s jeunes, si ce n&rsquo;est l&rsquo;histoire suisse, le serment des Waldstaetten, le Morgarten et tout ce genre de choses. J&rsquo;appris les exactions du r\u00e9gime nazi un peu sur le tas (il n&rsquo;y avait pas Internet, \u00e0 l&rsquo;\u00e9poque&nbsp;; <a href=\"https:\/\/fr.wikipedia.org\/wiki\/Sergey_Brin\" target=\"_blank\" rel=\"noreferrer noopener\">Sergey Brin<\/a> n\u2019\u00e9tait pas encore n\u00e9 pour d\u00e9velopper Google&nbsp;!), sans vraiment parvenir \u00e0 imaginer la personnalit\u00e9 des protagonistes de cette immense trag\u00e9die que constitua le Seconde Guerre Mondiale. La premi\u00e8re fois que j&rsquo;ai r\u00e9ellement per\u00e7u l&rsquo;\u00e9normit\u00e9 de ce que peut \u00eatre un dictateur, c&rsquo;est \u00e0 l&rsquo;occasion de la retransmission d&rsquo;un vieux film de 1940 \u00e0 la t\u00e9l\u00e9vision. \u00ab\u00a0<a href=\"https:\/\/fr.wikipedia.org\/wiki\/Le_Dictateur\" target=\"_blank\" rel=\"noreferrer noopener\">The Great Dictator<\/a>\u00ab\u00a0, de <a href=\"https:\/\/fr.wikipedia.org\/wiki\/Charlie_Chaplin\" target=\"_blank\" rel=\"noreferrer noopener\">Charlie Chaplin,<\/a> me bouleversa profond\u00e9ment et changea durablement certaines de mes conceptions de la soci\u00e9t\u00e9 mondiale. D&rsquo;ailleurs, quand il m&rsquo;arrive de revoir ce monument du cin\u00e9ma, je reste effar\u00e9 par son incroyable actualit\u00e9. Prenez l&rsquo;immortelle <a href=\"https:\/\/www.youtube.com\/watch?v=WWMHea46qYI\" target=\"_blank\" rel=\"noreferrer noopener\">sc\u00e8ne du globe<\/a>, et mettez aujourd&rsquo;hui Poutine \u00e0 la place de Hynkel : il vous sera difficile de r\u00e9primer des frissons d&rsquo;angoisse. Le personnage d&rsquo;Adenoid Hynkel n&rsquo;est pourtant pas qu&rsquo;inqui\u00e9tant : son discours initial (en un langage incompr\u00e9hensible, mais remarquablement semblable \u00e0 des discours d&rsquo;Adolf Hitler) est comique, dr\u00f4le m\u00eame. Ses confrontations avec son homologue transalpin Napoloni sont <strong>clownesques<\/strong>. Voil\u00e0, le mot est l\u00e2ch\u00e9, la dualit\u00e9 entre un dictateur et un clown est illustr\u00e9e par Chaplin.<\/p>\n\n\n\n<p class=\"wp-block-paragraph\">Ce film m&rsquo;incita \u00e0 m&rsquo;int\u00e9resser \u00e0 Adolf Hitler et au troisi\u00e8me Reich, ainsi qu&rsquo;\u00e0 la seconde guerre mondiale. Si vous faites l&rsquo;effort d&rsquo;\u00e9tudier le personnage au-del\u00e0 de ses caract\u00e9ristiques fascistes et profond\u00e9ment malveillantes, le caract\u00e8re clownesque du personnage ne vous \u00e9chappera pas, encore qu&rsquo;il puisse para\u00eetre plus \u00e9vident chez Benito Mussolini qui avait servi de mod\u00e8le pour le personnage de Napoloni dans le film de Chaplin. Je manque d&rsquo;images d&rsquo;archives de Napol\u00e9on Bonaparte, mais certains des r\u00e9cits se rapportant au personnage semblent \u00e9galement laisser para\u00eetre un c\u00f4t\u00e9 clownesque. <a href=\"https:\/\/www.lefigaro.fr\/international\/2007\/12\/07\/01003-20071207ARTFIG00430-visite-controversee-de-kadhafi-a-paris.php\" target=\"_blank\" rel=\"noreferrer noopener\">Khadafi et sa tente plant\u00e9e dans le parc Marigny<\/a> \u00e0 Paris ou ses r\u00e9ceptions de dirigeants du monde assis sur un tracteur n&rsquo;est pas en reste, et il a fait de nombreux \u00e9mules depuis, quoique peut-\u00eatre un peu moins extravagants.<\/p>\n\n\n\n<p class=\"wp-block-paragraph\">La bande dessin\u00e9e a aussi produit quelques chefs d\u2019\u0153uvre dans le genre, comme par exemple \u00ab\u00a0<a href=\"https:\/\/fr.wikipedia.org\/wiki\/Le_Dictateur_et_le_champignon\" target=\"_blank\" rel=\"noreferrer noopener\">Le dictateur et le champignon<\/a>\u00a0\u00bb du g\u00e9nial <a href=\"https:\/\/fr.wikipedia.org\/wiki\/Andr%C3%A9_Franquin\" target=\"_blank\" rel=\"noreferrer noopener\">Andr\u00e9 Franquin <\/a>(probablement inspir\u00e9 de Chaplin d&rsquo;ailleurs)&nbsp;; le c\u00f4t\u00e9 clownesque et gaffeur du dictateur de la Palombie, Zantafio, ram\u00e8ne aux discours de dictateurs sud-am\u00e9ricains comme Pinochet ou Fidel Castro. La sc\u00e8ne du discours belliqueux que tout le monde acclame (motiv\u00e9s par des barbouzes arm\u00e9s) mais que personne ne comprend parce que les micros n&rsquo;ont pas \u00e9t\u00e9 branch\u00e9s vaut \u00e9galement son pesant de cacahu\u00e8tes ! Elle fait irr\u00e9sistiblement penser aux discours fleuve de Fidel Castro auxquels tout le monde devait assister mais que personne n\u2019entendait vraiment. Je crois que je ne peux actuellement pas m&#8217;emp\u00eacher de consid\u00e9rer un dictateur comme une esp\u00e8ce de clown malfaisant. Ridicule, irrationnel, grotesque et insens\u00e9. Le pompon est probablement d\u00e9tenu par Kim Jong Un, le dictateur ob\u00e8se nord-cor\u00e9en qui se fait filmer sur un <a href=\"https:\/\/www.youtube.com\/watch?v=C_UEXqVqVu4\" target=\"_blank\" rel=\"noreferrer noopener\">cheval en pleine nature<\/a> sauvage et indomptable. Pauvre b\u00eate&nbsp;! (Je parle du cheval)<\/p>\n\n\n\n<p class=\"wp-block-paragraph\">Qu&rsquo;on ne s&rsquo;y trompe pas : le c\u00f4t\u00e9 clownesque n&rsquo;att\u00e9nue en rien le caract\u00e8re dramatique et criminel de ces dictateurs : il met plut\u00f4t en \u00e9vidence leur d\u00e9raison et le caract\u00e8re d\u00e9bile de leur personnalit\u00e9, caract\u00e8re qui pourrait \u00eatre comique s&rsquo;il n&rsquo;\u00e9tait si tragique et g\u00e9n\u00e9rateur de tant de malheur et de larmes. Le clown dictateur peut faire beaucoup de mal, et il ne s&rsquo;en prive g\u00e9n\u00e9ralement pas d&rsquo;ailleurs.<\/p>\n\n\n\n<p class=\"wp-block-paragraph\">Vladimir Poutine qui se prom\u00e8ne <a rel=\"noreferrer noopener\" href=\"https:\/\/www.leparisien.fr\/international\/vladimir-poutine-aime-se-mettre-torse-nu-pour-les-russes-c-est-superman-15-03-2018-7609893.php\" target=\"_blank\">torse nu, \u00e0 cheval sur un ours<\/a>, ou occup\u00e9 \u00e0 p\u00eacher (peut-\u00eatre \u00e0 mains nues, je ne suis pas all\u00e9 v\u00e9rifier) dans une rivi\u00e8re est aussi clownesque que le discours inaudible de Zantafio ou le <a rel=\"noreferrer noopener\" href=\"https:\/\/www.youtube.com\/watch?v=tVLQ8lNd1Pk\" target=\"_blank\">combat de hauteur de fauteuils<\/a> entre Hynkel et Napoloni. Ses parties de hockey sur glace o\u00f9 le gardien adverse cherche d\u00e9sesp\u00e9r\u00e9ment \u00e0 manquer le puck quand le pr\u00e9sident adresse un tir timide en direction de la cage sont si ridicules que l&rsquo;on se demande pourquoi elles ne sont pas censur\u00e9es, \u00e0 l&rsquo;instar d&rsquo;informations beaucoup moins compromettantes ! Ses \u00ab\u00a0r\u00e9unions\u00a0\u00bb attabl\u00e9 \u00e0 6 m\u00e8tres de son interlocuteur font penser \u00e0 Zantafio seul, juch\u00e9 sur un tr\u00f4ne au fond d&rsquo;une salle si \u00e9tendue que ses interlocuteurs mettent plusieurs minutes \u00e0 la traverser.<\/p>\n\n\n\n<p class=\"wp-block-paragraph\">Le conflit qui oppose l&rsquo;Ukraine et la F\u00e9d\u00e9ration de Russie pose en antagonistes Volodymyr Zelensky, un ancien clown devenu chef d&rsquo;Etat, et Vladimir Poutine, un dictateur qui s\u2019av\u00e8re \u00eatre aussi un clown que le ridicule n&rsquo;a pas r\u00e9ussi \u00e0 tuer. Je ne connais pas assez bien les deux pays incrimin\u00e9s pour d\u00e9cider de mani\u00e8re p\u00e9remptoire qui est le \u00ab\u00a0bon\u00a0\u00bb et qui est le \u00ab\u00a0m\u00e9chant\u00a0\u00bb. Par ailleurs, je me m\u00e9fie \u00e9norm\u00e9ment des jugements binaires, cat\u00e9gorisant un protagoniste comme d\u00e9finitivement mauvais et l&rsquo;autre comme infiniment bon. La guerre en Irak (et ailleurs) a montr\u00e9 que les bonnes intentions affich\u00e9es ne r\u00e9sistent pas au conflit arm\u00e9\u00a0! Et de toutes fa\u00e7ons, en p\u00e9riode de guerre, les informations vraies diffus\u00e9es par les combattants sont aussi rares que les promesses donn\u00e9es et r\u00e9ellement tenues dans un discours \u00e9lectoral. Mais il est certain que brider l&rsquo;information par une censure aussi s\u00e9v\u00e8re qu&rsquo;impitoyable ne fait rien pour cr\u00e9dibiliser les dires d&rsquo;un dirigeant, quel qu&rsquo;il soit. Et \u00e0 ce jeu-l\u00e0, Vladimir Poutine a perdu toute la cr\u00e9dibilit\u00e9 qu&rsquo;on aurait encore pu na\u00efvement lui accorder apr\u00e8s son inqualifiable agression. <\/p>\n\n\n\n<p class=\"wp-block-paragraph\">En tous cas, si les arm\u00e9es de Poutine arrivent en Suisse apr\u00e8s avoir aplati deux pays de l\u2019OTAN en chemin, je doute que ce soit quelques F-35 aliment\u00e9s au k\u00e9ros\u00e8ne russe qui fassent la diff\u00e9rence. Madame Viola Amherd aurait pu \u00e9viter une <a href=\"https:\/\/www.rts.ch\/info\/suisse\/12905432-viola-amherd-appelle-les-opposants-a-lavion-de-combat-f35-a-retirer-leur-initiative.html\" target=\"_blank\" rel=\"noreferrer noopener\">interpellation douteuse<\/a> aux instigateurs de l\u2019initiative contre l\u2019achat de nouveaux avions de combat. C\u2019\u00e9tait maladroit, et probablement m\u00e9prisant pour les processus d\u00e9mocratiques suisses. Se rendre ind\u00e9pendant du p\u00e9trole russe pour ass\u00e9cher les ressources qui permettent \u00e0 Poutine de maintenir son arm\u00e9e serait probablement plus efficace. C\u2019est ce que l\u2019Allemagne (et l\u2019Europe avec elle) est en train de constater.<\/p>\n","protected":false},"excerpt":{"rendered":"<p>J&rsquo;avais une dizaine d&rsquo;ann\u00e9es quand j&rsquo;assistai \u00e0 mon premier spectacle de cirque, et que je d\u00e9couvris pour la premi\u00e8re fois un clown. C&rsquo;\u00e9tait lors d&rsquo;une repr\u00e9sentation du Cirque National Knie, qui faisait halte dans le Chablais Vaudois, place des Glariers \u00e0 Aigle. Le clown ne me fit pas vraiment rire, pour autant que je me &hellip; <a href=\"https:\/\/www.lesmonts.ch\/wp_fr\/le-clown-et-le-dictateur\/\" class=\"more-link\">Continuer la lecture de <span class=\"screen-reader-text\">Le clown et le dictateur<\/span>  <span class=\"meta-nav\">&rarr;<\/span><\/a><\/p>\n","protected":false},"author":1,"featured_media":0,"comment_status":"open","ping_status":"open","sticky":false,"template":"","format":"standard","meta":{"_crdt_document":"","ngg_post_thumbnail":0,"footnotes":""},"categories":[1],"tags":[97,96,95],"class_list":["post-10528","post","type-post","status-publish","format-standard","hentry","category-non-classe","tag-clown","tag-guerre","tag-poutine"],"_links":{"self":[{"href":"https:\/\/www.lesmonts.ch\/wp_fr\/wp-json\/wp\/v2\/posts\/10528","targetHints":{"allow":["GET"]}}],"collection":[{"href":"https:\/\/www.lesmonts.ch\/wp_fr\/wp-json\/wp\/v2\/posts"}],"about":[{"href":"https:\/\/www.lesmonts.ch\/wp_fr\/wp-json\/wp\/v2\/types\/post"}],"author":[{"embeddable":true,"href":"https:\/\/www.lesmonts.ch\/wp_fr\/wp-json\/wp\/v2\/users\/1"}],"replies":[{"embeddable":true,"href":"https:\/\/www.lesmonts.ch\/wp_fr\/wp-json\/wp\/v2\/comments?post=10528"}],"version-history":[{"count":6,"href":"https:\/\/www.lesmonts.ch\/wp_fr\/wp-json\/wp\/v2\/posts\/10528\/revisions"}],"predecessor-version":[{"id":10535,"href":"https:\/\/www.lesmonts.ch\/wp_fr\/wp-json\/wp\/v2\/posts\/10528\/revisions\/10535"}],"wp:attachment":[{"href":"https:\/\/www.lesmonts.ch\/wp_fr\/wp-json\/wp\/v2\/media?parent=10528"}],"wp:term":[{"taxonomy":"category","embeddable":true,"href":"https:\/\/www.lesmonts.ch\/wp_fr\/wp-json\/wp\/v2\/categories?post=10528"},{"taxonomy":"post_tag","embeddable":true,"href":"https:\/\/www.lesmonts.ch\/wp_fr\/wp-json\/wp\/v2\/tags?post=10528"}],"curies":[{"name":"wp","href":"https:\/\/api.w.org\/{rel}","templated":true}]}}